{"id":16381,"date":"2006-04-03T14:44:00","date_gmt":"2006-04-03T14:44:00","guid":{"rendered":"http:\/\/localhost:81\/wp1\/?p=16381"},"modified":"2006-04-03T14:44:00","modified_gmt":"2006-04-03T14:44:00","slug":"presidir-a-eucaristia-em-nome-de-cristo-9","status":"publish","type":"post","link":"https:\/\/sites.ecclesia.pt\/cv\/presidir-a-eucaristia-em-nome-de-cristo-9\/","title":{"rendered":"Presidir \u00e0 Eucaristia em nome de Cristo (9)"},"content":{"rendered":"<p>Notas Lit\u00fargicas <!--more--> 12. Linhas de espiritualidade \u201ceucar\u00edstica\u201d para o sacerdote (A)<\/p>\n<p>O minist\u00e9rio de presidir \u00e0 Eucaristia \u00e9 um valor que marca para toda a vida, para o resto das actividades que o sacerdote tamb\u00e9m mant\u00e9m fora da celebra\u00e7\u00e3o.<\/p>\n<p>As mesmas atitudes que lhe permitem representar bem  a pessoa de Cristo na celebra\u00e7\u00e3o da Eucaristia s\u00e3o as que tamb\u00e9m o mant\u00e9m fiel \u00e0 sua identidade ao logo de toda a sua jornada.<\/p>\n<p>a) \u00c9 sinal vis\u00edvel de Cristo na Eucaristia, onde na verdade actua \u201cin persona Christi\u201d. Quando dirige a Deus a ora\u00e7\u00e3o de toda a comunidade e quando explica \u00e0 comunidade a Palavra de Deus, o sacerdote sente-se intimamente unido a Cristo, a quem est\u00e1 particularmente configurado pelo sacramento da Ordem e a quem torna sacramentalmente vis\u00edvel no meio da comunidade. Por isso, o Missal diz que quando preside \u00e0 Eucaristia \u201cprocurar\u00e1 sugerir aos fi\u00e9is a presen\u00e7a viva de Cristo\u201d (IGMR 93).<\/p>\n<p>Mas esta convic\u00e7\u00e3o e esta atitude de f\u00e9 \u00e9 tamb\u00e9m a que lhe \u00e9 pedida fora da Eucaristia. Quando atende os outros, quando se dedica \u00e0 evangeliza\u00e7\u00e3o ou \u00e0 catequese, quando cuida das crian\u00e7as e dos doentes ou dos marginalizados da sociedade, quando trabalha pela conviv\u00eancia fraterna, quando gasta as suas melhores energias na entrega pelos outros, est\u00e1 a ser imagem sacramental de Cristo. N\u00e3o \u00e9 um actor independente: \u00e9 \u201cenviado\u201d de Cristo, seu ap\u00f3stolo no meio da sociedade e da Igreja. Um enviado, fundamentalmente, deve estar em \u00edntimo contacto com quem o envia. A ora\u00e7\u00e3o pessoal, a medita\u00e7\u00e3o, a Liturgia das Horas rezada em uni\u00e3o com Cristo, a aten\u00e7\u00e3o meditativa e o culto \u00e0 Eucaristia: tudo isto \u00e9 a refer\u00eancia em que tem sentido que presida \u00e0 Eucaristia em nome de Cristo e, ao mesmo tempo, a consequ\u00eancia de que realize este minist\u00e9rio consciente e profundamente.<\/p>\n<p>b) Quando preside \u00e0 Eucaristia est\u00e1 tamb\u00e9m unido \u00e0 comunidade \u00e0 qual preside. N\u00e3o actua fora dela. Mas dentro dela. \u00c9 um membro da comunidade, um irm\u00e3o que recebeu da Igreja o encargo e a gra\u00e7a sacramental para realizar este minist\u00e9rio para bem dos outros.<\/p>\n<p>Presidir a partir de dentro significa amar os seus irm\u00e3os, a todos eles, conhec\u00ea-los, interessar-se pelo seu bem espiritual, ter como fim \u00faltimo o servi-los pelo seu minist\u00e9rio para que possam mais facilmente sintonizar com Cristo e o seu Mist\u00e9rio eucar\u00edstico. Esta convic\u00e7\u00e3o d\u00e1-lhe um tom e um estilo de actua\u00e7\u00e3o, ao mesmo tempo humilde e confiado, no momento da Eucaristia.<\/p>\n<p> Mas tamb\u00e9m aqui, se pede ao sacerdote a mesma atitude e o mesmo perfil espiritual fora da igreja. Dele se espera que seja animador da comunidade em tantas coisas: que preceda e anime todos na f\u00e9, no servi\u00e7o da caridade, na constru\u00e7\u00e3o da fraternidade e no testemunho mission\u00e1rio no meio da sociedade. A Eucaristia ser\u00e1 o momento privilegiado, quase como que uma \u201cfotografia\u201d de tudo o que inclui a vida da comunidade. Mas a seguir, quer a pr\u00f3pria comunidade, como o sacerdote dentro dela, t\u00eam que viver esses valores no decorrer das suas tarefas ao longo do dia e da semana.<\/p>\n<p>Por exemplo, a introdu\u00e7\u00e3o ao livro da Liturgia das Horas pede aos ministros ordenados que tenham em conta, sobretudo, que \u201clhes incumbe convocar a comunidade e dirigir a sua ora\u00e7\u00e3o&#8230; convidar os fi\u00e9is e proporcionar-lhes a devida catequese&#8230; que os ensine a orar com os salmos&#8230;\u201d (IGLH 23). O que anima, dirige e completa a comunidade na Eucaristia, f\u00e1-lo tamb\u00e9m \u2013deve faz\u00ea-lo\u2013 fora dela, nas v\u00e1rias facetas da vida crist\u00e3.<\/p>\n<p>c) Tudo isto faz que o sacerdote necessite de uma postura espiritual de humildade e sentido eclesial.<\/p>\n<p>Ele n\u00e3o \u00e9 dono, nem da Eucaristia, nem da comunidade. Deve-se sentir como um servidor de Cristo e da comunidade. Al\u00e9m disso, a sua condi\u00e7\u00e3o de ministro ordenado da Igreja f\u00e1-lo sentir e exprimir na sua actua\u00e7\u00e3o o nexo teol\u00f3gico e vital com o seu Bispo, e atrav\u00e9s dele, com a Igreja universal.<\/p>\n<p>Como servidor, e n\u00e3o dono, a sua postura deve ser claramente de humildade, partindo da confian\u00e7a que lhe d\u00e1 a gra\u00e7a de Cristo e a miss\u00e3o que a Igreja lhe confiou. Tanto no altar como na rua, sente-se membro da comunidade, irm\u00e3o, pr\u00f3ximo, acolhedor, cordial. J\u00e1 sabe que tudo isso que ele tenta comunicar \u00e0 assembleia n\u00e3o \u00e9 exlusivamente seu: sabe que a iniciativa vem de Deus, que exerce o seu sacerd\u00f3cio como representante do Sacerdote verdadeiro, Jesus Cristo. E que tamb\u00e9m realiza o seu servi\u00e7o por encargo da Igreja. N\u00e3o \u00e9 sua a gra\u00e7a, nem a f\u00e9, nem a mensagem de salva\u00e7\u00e3o que ele \u00e9 chamado a transmitir aos irm\u00e3os. Tudo isso \u00e9 de Jesus Cristo e do seu Esp\u00edrito, e antes de lhe ser confiado a ele, havia sido dado \u00e0 comunidade eclesial. <\/p>\n<p>SDPL<\/p>\n","protected":false},"excerpt":{"rendered":"<p>Notas Lit\u00fargicas<\/p>\n","protected":false},"author":1,"featured_media":0,"comment_status":"open","ping_status":"open","sticky":false,"template":"","format":"standard","meta":{"footnotes":""},"categories":[59],"tags":[],"class_list":["post-16381","post","type-post","status-publish","format-standard","hentry","category-formacao"],"_links":{"self":[{"href":"https:\/\/sites.ecclesia.pt\/cv\/wp-json\/wp\/v2\/posts\/16381","targetHints":{"allow":["GET"]}}],"collection":[{"href":"https:\/\/sites.ecclesia.pt\/cv\/wp-json\/wp\/v2\/posts"}],"about":[{"href":"https:\/\/sites.ecclesia.pt\/cv\/wp-json\/wp\/v2\/types\/post"}],"author":[{"embeddable":true,"href":"https:\/\/sites.ecclesia.pt\/cv\/wp-json\/wp\/v2\/users\/1"}],"replies":[{"embeddable":true,"href":"https:\/\/sites.ecclesia.pt\/cv\/wp-json\/wp\/v2\/comments?post=16381"}],"version-history":[{"count":0,"href":"https:\/\/sites.ecclesia.pt\/cv\/wp-json\/wp\/v2\/posts\/16381\/revisions"}],"wp:attachment":[{"href":"https:\/\/sites.ecclesia.pt\/cv\/wp-json\/wp\/v2\/media?parent=16381"}],"wp:term":[{"taxonomy":"category","embeddable":true,"href":"https:\/\/sites.ecclesia.pt\/cv\/wp-json\/wp\/v2\/categories?post=16381"},{"taxonomy":"post_tag","embeddable":true,"href":"https:\/\/sites.ecclesia.pt\/cv\/wp-json\/wp\/v2\/tags?post=16381"}],"curies":[{"name":"wp","href":"https:\/\/api.w.org\/{rel}","templated":true}]}}