{"id":16382,"date":"2006-04-03T14:44:00","date_gmt":"2006-04-03T14:44:00","guid":{"rendered":"http:\/\/localhost:81\/wp1\/?p=16382"},"modified":"2006-04-03T14:44:00","modified_gmt":"2006-04-03T14:44:00","slug":"esperar-com-esperanca-que-liberta","status":"publish","type":"post","link":"https:\/\/sites.ecclesia.pt\/cv\/esperar-com-esperanca-que-liberta\/","title":{"rendered":"&#8220;Esperar com esperan\u00e7a que liberta&#8221;"},"content":{"rendered":"<p>1\u00ba Domingo do Advento  &#8211;  Ano A  <!--more--> Iniciamos o novo ano lit\u00fargico com o Advento. Advento, de \u201cAdvenire\u201d, \u201cAdventus\u201d, fala-nos de vinda, de retorno. \u00c9 um tempo carregado de espiritualidade, onde a m\u00edstica do encontro coroa o esfor\u00e7o sus-tentado na esperan\u00e7a. Esperamos o retorno de Deus e preparamos laboriosamente o encontro com Ele. A liturgia deste primeiro domingo faz-nos um apelo \u00e0 vigil\u00e2ncia. O crist\u00e3o e a crist\u00e3 n\u00e3o devem andar distra\u00eddos na vida e instalar-se no comodismo, na passividade ou na rotina. Devem, ao contr\u00e1rio, caminhar sempre atentos e vigilantes, preparados para acolher o Senhor que vem e para responder aos desafios que nos lan\u00e7a.<\/p>\n<p>A primeira leitura dirige-se \u00e0s pessoas de todos os povos e na\u00e7\u00f5es, convidando-as a subir ao cimo da montanha onde habita o Senhor\u2026 \u00c9 deste encontro com o Senhor e com a sua Palavra que nascer\u00e1 um mundo de harmonia e de paz duradoura. O sonho do profeta come\u00e7a a realizar-se em Jesus. Ele \u00e9 a Palavra viva e eficaz, que se fez carne e veio habitar no meio de n\u00f3s, a fim de trazer a \u201cpaz aos homens\u201d amados por Deus. Se, por um lado, o processo da edifica\u00e7\u00e3o de um povo pacificado e unido parte da iniciativa divina, por outro lado, cada um de n\u00f3s \u00e9 chamado a colaborar com esta iniciativa divina. Para isso, havemos de escutar a sua proposta, acolh\u00ea-la no cora\u00e7\u00e3o e na vida e \u201csubir \u00e0 montanha de Deus\u201d. Estamos n\u00f3s dispostos a ir ao seu encontro, escutar a sua Palavra e aderir \u00e0 sua proposta? Que posso eu fazer neste Advento para que o sonho de Isa\u00edas, o sonho de todos os homens e mulheres de boa vontade, se concretize?<\/p>\n<p>A terceira leitura convida-nos \u00e0 vigil\u00e2ncia. O crist\u00e3o e a crist\u00e3 ideal n\u00e3o vivem mergulhados no bem-estar alienante, nem afogados no trabalho excessivo, nem adormecidos numa passividade que lhes rouba as oportunidades, mas est\u00e3o atentos e vigilantes, acolhendo o Senhor que passa, respondendo aos seus desafios, cumprindo a sua miss\u00e3o, empenhando-se na constru\u00e7\u00e3o do \u201cReino\u201d. Para isso, havemos de aprender a \u201cler\u201d os sinais de Deus presentes na nossa hist\u00f3-ria pessoal e colectiva. O crist\u00e3o e a crist\u00e3 haveriam de perguntar-se, diariamente: \u201cSenhor, que me dizes a mim e que dizes \u00e0 comunidade ou \u00e0 humanidade, atrav\u00e9s deste acontecimento?\u201d \u00c9 que h\u00e1 sempre um apelo, uma interpela\u00e7\u00e3o, um rasgar caminho, que se esconde atr\u00e1s dos sinais que vemos e que nos concernem, agrad\u00e1vel ou desagradavelmente. O crist\u00e3o e a crist\u00e3 t\u00eam de ser profetas de olhos rasgados, a olhar o longe e o distante, porque Deus caminha \u00e0 nossa frente, na travessia do nosso deserto. No fundo, o que est\u00e1 em jogo no evangelho \u00e9 o apelo \u00e0 nossa  convers\u00e3o pessoal e \u00e0 convers\u00e3o das estruturas sociais, que muitas vezes geram mais mis\u00e9ria e mais disc\u00f3rdia entre os povos e na\u00e7\u00f5es, do que resolvem situa\u00e7\u00f5es deficientes. Neste momento preciso, somos convidados a abandonar a cegueira espiritual que nos tolhe e a entrar, firmemente, no caminho da luz\u2026 A convers\u00e3o comporta uma profunda transforma\u00e7\u00e3o dos cora\u00e7\u00f5es e das estruturas\u2026 O que \u00e9 que em mim \u00e9 necess\u00e1rio transformar com urg\u00eancia? O que \u00e9 que na comunidade crist\u00e3 \u00e9 menos \u201cluminoso\u201d e necessita de convers\u00e3o? Quais s\u00e3o, na sociedade, as estruturas respons\u00e1veis pelas \u201ctrevas\u201d que envolvem a vida de tantas pessoas? Como me posso eu empenhar na convers\u00e3o destas estruturas?<\/p>\n<p>A segunda leitura exorta os crist\u00e3os e as crist\u00e3s a que despertem da sonol\u00eancia que os mant\u00e9m presos ao mundo das trevas, isto \u00e9, ao ego\u00edsmo, \u00e0 injusti\u00e7a, \u00e0 mentira, enfim, ao pecado, e que se revistam da luz, isto \u00e9, da vida de Deus, que Cristo nos oferece, e que caminhem com alegria e esperan\u00e7a ao encontro de Jesus. \u201cO Senhor vem! A noite vai adiantada e o dia est\u00e1 pr\u00f3ximo\u201d, diz Paulo. Deus continua a vir ao nosso encontro e a construir connosco o mundo novo de justi\u00e7a e de paz. Por muito que nos aflija-mos com as trevas que envolvem o mundo actual, a presen\u00e7a de Deus garante-nos que a injusti\u00e7a, a explora\u00e7\u00e3o, a morte n\u00e3o t\u00eam a \u00faltima palavra. Esta vem de Deus e \u00e9 uma Palavra libertadora e salvadora. Que contributo posso dar para apressar esta Palavra?<\/p>\n<p>Leituras do 1\u00ba Domingo do Advento \u2013 Ano A<\/p>\n<p>Is 2,1\u201353; Sl 122 (121);Rm 13,11\u201314; Mt 24, 37\u201344<\/p>\n","protected":false},"excerpt":{"rendered":"<p>1\u00ba Domingo do Advento &#8211; Ano A<\/p>\n","protected":false},"author":1,"featured_media":0,"comment_status":"open","ping_status":"open","sticky":false,"template":"","format":"standard","meta":{"footnotes":""},"categories":[59],"tags":[],"class_list":["post-16382","post","type-post","status-publish","format-standard","hentry","category-formacao"],"_links":{"self":[{"href":"https:\/\/sites.ecclesia.pt\/cv\/wp-json\/wp\/v2\/posts\/16382","targetHints":{"allow":["GET"]}}],"collection":[{"href":"https:\/\/sites.ecclesia.pt\/cv\/wp-json\/wp\/v2\/posts"}],"about":[{"href":"https:\/\/sites.ecclesia.pt\/cv\/wp-json\/wp\/v2\/types\/post"}],"author":[{"embeddable":true,"href":"https:\/\/sites.ecclesia.pt\/cv\/wp-json\/wp\/v2\/users\/1"}],"replies":[{"embeddable":true,"href":"https:\/\/sites.ecclesia.pt\/cv\/wp-json\/wp\/v2\/comments?post=16382"}],"version-history":[{"count":0,"href":"https:\/\/sites.ecclesia.pt\/cv\/wp-json\/wp\/v2\/posts\/16382\/revisions"}],"wp:attachment":[{"href":"https:\/\/sites.ecclesia.pt\/cv\/wp-json\/wp\/v2\/media?parent=16382"}],"wp:term":[{"taxonomy":"category","embeddable":true,"href":"https:\/\/sites.ecclesia.pt\/cv\/wp-json\/wp\/v2\/categories?post=16382"},{"taxonomy":"post_tag","embeddable":true,"href":"https:\/\/sites.ecclesia.pt\/cv\/wp-json\/wp\/v2\/tags?post=16382"}],"curies":[{"name":"wp","href":"https:\/\/api.w.org\/{rel}","templated":true}]}}