{"id":16385,"date":"2006-04-03T14:44:00","date_gmt":"2006-04-03T14:44:00","guid":{"rendered":"http:\/\/localhost:81\/wp1\/?p=16385"},"modified":"2006-04-03T14:44:00","modified_gmt":"2006-04-03T14:44:00","slug":"a-campanha-do-argus-de-alan-viiliers","status":"publish","type":"post","link":"https:\/\/sites.ecclesia.pt\/cv\/a-campanha-do-argus-de-alan-viiliers\/","title":{"rendered":"&#8220;A Campanha do Argus&#8221; de Alan Viiliers"},"content":{"rendered":"<p>Exposi\u00e7\u00e3o integral no Museu Mar\u00edtimo de \u00cdlhavo<\/p>\n<p>  <!--more-->  <\/p>\n<p>O Museu Mar\u00edtimo de \u00cdlhavo associou-se \u00e0s comemora\u00e7\u00f5es do Dia Nacional do Mar, ocorrido em 16 de Novembro, com dois eventos: o primeiro, realizado ao final da tarde, que incluiu a inaugura\u00e7\u00e3o da exposi\u00e7\u00e3o fotogr\u00e1fica \u201cA campanha do Argus\u201d, da autoria de Alan Villiers, com o lan\u00e7amento do v\u00eddeo hom\u00f3nimo (em DVD), e a aposi\u00e7\u00e3o de um carimbo dos CTT alusivo \u00e0 efem\u00e9ride; o segundo, \u00e0 noite, constitu\u00eddo por uma \u00abnoite de poesia dedicada ao mar\u00bb, durante a qual a \u201cRota da Poesia\u201d recitou poemas de Sophia de Mello Breyner, acompanhada por m\u00fasica de fundo.<\/p>\n<p>O Dia Nacional do Mar foi institu\u00eddo em 1994, pelo conselho de ministros, associando-o \u00e0 terceira confer\u00eancia das Na\u00e7\u00f5es Unidas sobre o direito do mar, evento conduzido pela Sociedade de Geografia de Lisboa, com a qual o Museu de \u00cdlhavo colaborou, nomeadamente no projecto da Rede Nacional do Mar.<\/p>\n<p>Nesse contexto, o director do museu entendeu que \u201cseria importante verter no calend\u00e1rio expositivo e de eventos culturais do museu, uma exposi\u00e7\u00e3o emblem\u00e1tica e um evento cultural que mobilizasse a comunidade ilhavense e que tivesse tamb\u00e9m alguma capacidade de atrac\u00e7\u00e3o internacional, porque o nosso museu est\u00e1 num processo de evidente crescimento e, at\u00e9 a n\u00edvel internacional, est\u00e1 a expandir-se\u201d. Nesse sentido, \u201choje iniciamos um programa composto por tr\u00eas etapas: um projecto expositivo que consiste na reapresenta\u00e7\u00e3o e na interpreta\u00e7\u00e3o, tamb\u00e9m ela cr\u00edtica, da trilogia documental que Alan Villiers, um oficial da armada australiana, dedicou \u00e0 pesca do bacalhau por homens e navios portugueses, em meados do s\u00e9culo vinte. Essa trilogia correu mundo, e \u00e9 composta por um \u00e1lbum de fotografias, que est\u00e1 aqui exposto pela primeira vez na \u00edntegra e recuperado; por um filme, document\u00e1rio que teve na sua base este trabalho fotogr\u00e1fico; e por um livro, que \u00e9 a parte melhor dessa trilogia, livro que ser\u00e1 editado em 2005\u201d.<\/p>\n<p>Para \u00c1lvaro Garrido, este projecto \u201c\u00e9 substancialmente museol\u00f3gico, porque come\u00e7ou pela recupera\u00e7\u00e3o do \u00e1lbum de fotografias, que j\u00e1 era conhecido por alguns ilhavenses, ainda que de uma forma fragmentada, porque foram usadas em diversos contextos, embora nunca na sua totalidade\u201d. O que mobilizou este projecto foi \u201ca necessidade de conservar e tratar, por meios digitais, essa colec\u00e7\u00e3o de fotografias e de a mostrar na \u00edntegra\u201d.<\/p>\n<p>A apresenta\u00e7\u00e3o p\u00fablica do DVD com o filme document\u00e1rio realizado por Alain Villiers, ser\u00e1 apresentado publicamente no dia 4 de Dezembro, no Museu Mar\u00edtimo de \u00cdlhavo, ainda que j\u00e1 esteja dispon\u00edvel para venda nesse mesmo local. Junto com o DVD \u00e9 distribu\u00edda um pequeno livro, tamb\u00e9m de Alain Villiers, com um texto editado em 1952, pela National Geografic Magazine, o qual \u00e9 \u201co \u00fanico texto internacional, al\u00e9m do livro \u00abA campanha do Argus\u00bb que tem um cap\u00edtulo em que fala dos capit\u00e3es do bacalhau, dedicado aos capit\u00e3es portugueses e aos de \u00cdlhavo em particular\u201d. Por isso, \u00c1lvaro Garrido sublinha que \u201cera oportuno partilhar esta homenagem, h\u00e1 muito esquecida, e pedimos os direitos \u00e0 National Geografic Magazine, em Washington (Estados Unidos da Am\u00e9rica), que foram suportados na \u00edntegra pela Associa\u00e7\u00e3o dos Amigos do Museu\u201d.<\/p>\n<p>A edi\u00e7\u00e3o do livro surgir\u00e1 em 2005, tendo sido contactada a fam\u00edlia de Alan Villiers (a vi\u00fava e o filho), que residem em Londres, para a ced\u00eancia dos direitos de autor.<\/p>\n","protected":false},"excerpt":{"rendered":"<p>Exposi\u00e7\u00e3o integral no Museu Mar\u00edtimo de \u00cdlhavo<\/p>\n","protected":false},"author":1,"featured_media":0,"comment_status":"open","ping_status":"open","sticky":false,"template":"","format":"standard","meta":{"footnotes":""},"categories":[45],"tags":[],"class_list":["post-16385","post","type-post","status-publish","format-standard","hentry","category-regioes"],"_links":{"self":[{"href":"https:\/\/sites.ecclesia.pt\/cv\/wp-json\/wp\/v2\/posts\/16385","targetHints":{"allow":["GET"]}}],"collection":[{"href":"https:\/\/sites.ecclesia.pt\/cv\/wp-json\/wp\/v2\/posts"}],"about":[{"href":"https:\/\/sites.ecclesia.pt\/cv\/wp-json\/wp\/v2\/types\/post"}],"author":[{"embeddable":true,"href":"https:\/\/sites.ecclesia.pt\/cv\/wp-json\/wp\/v2\/users\/1"}],"replies":[{"embeddable":true,"href":"https:\/\/sites.ecclesia.pt\/cv\/wp-json\/wp\/v2\/comments?post=16385"}],"version-history":[{"count":0,"href":"https:\/\/sites.ecclesia.pt\/cv\/wp-json\/wp\/v2\/posts\/16385\/revisions"}],"wp:attachment":[{"href":"https:\/\/sites.ecclesia.pt\/cv\/wp-json\/wp\/v2\/media?parent=16385"}],"wp:term":[{"taxonomy":"category","embeddable":true,"href":"https:\/\/sites.ecclesia.pt\/cv\/wp-json\/wp\/v2\/categories?post=16385"},{"taxonomy":"post_tag","embeddable":true,"href":"https:\/\/sites.ecclesia.pt\/cv\/wp-json\/wp\/v2\/tags?post=16385"}],"curies":[{"name":"wp","href":"https:\/\/api.w.org\/{rel}","templated":true}]}}