{"id":16387,"date":"2006-04-03T14:44:00","date_gmt":"2006-04-03T14:44:00","guid":{"rendered":"http:\/\/localhost:81\/wp1\/?p=16387"},"modified":"2006-04-03T14:44:00","modified_gmt":"2006-04-03T14:44:00","slug":"d-joao-evangelista-na-genese-da-sociedade-missionaria","status":"publish","type":"post","link":"https:\/\/sites.ecclesia.pt\/cv\/d-joao-evangelista-na-genese-da-sociedade-missionaria\/","title":{"rendered":"D. Jo\u00e3o Evangelista na g\u00e9nese da Sociedade Mission\u00e1ria"},"content":{"rendered":"<p>75\u00ba anivers\u00e1rio dos Mission\u00e1rios da Boa Nova <!--more--> D. Jo\u00e3o Evangelista de Lima Vidal, natural de Aveiro e primeiro bispo da diocese de Aveiro ap\u00f3s a sua restaura\u00e7\u00e3o, esteve na g\u00e9nese da Sociedade Mission\u00e1ria Portuguesa,  tendo sido nomeado, pelo Papa Pio XI, seu primeiro superior geral.<\/p>\n<p>Em 1930, Pio XI mandou fazer a constitui\u00e7\u00e3o da Sociedade Mission\u00e1ria Portuguesa, que entregou a 3 de Outubro desse ano, tendo nomeado D. Jo\u00e3o Evangelista de Lima Vidal, ent\u00e3o bispo de Vila Real, como primeiro superior geral da rec\u00e9m fundada institui\u00e7\u00e3o mission\u00e1ria.<\/p>\n<p>No entanto, a liga\u00e7\u00e3o daquele prelado aveirense aos mission\u00e1rios da Boa Nova come\u00e7ou muito antes, ainda no per\u00edodo em que era bispo em Angola, nos tempos conturbados dos primeiros anos da rep\u00fablica. Com a implanta\u00e7\u00e3o da rep\u00fablica, o Real Col\u00e9gio das Miss\u00f5es, que desde 1855 funcionava em Cernache de Bonjardim, deixou de formar padres seculares, pelo que em 1911 deixou de haver forma\u00e7\u00e3o mission\u00e1ria.<\/p>\n<p>Alguns bispos que trabalhavam nas antigas col\u00f3nias africanas portuguesas, entre eles D. Jo\u00e3o Evangelista e D. Ant\u00f3nio Barroso (este \u00faltimo em Mo\u00e7ambique), e ainda alguns mission\u00e1rios, iniciaram um longo trabalho para relan\u00e7ar a forma\u00e7\u00e3o mission\u00e1ria em Portugal, o que veio a acontecer em 1921, no Convento de Cristo, em Tomar.<\/p>\n<p>O padre Vicente do Sacramento, mission\u00e1rio em Mo\u00e7ambique, adquiriu, em hasta p\u00fablica, o antigo mosteiro beneditino de Cucuj\u00e3es, com o objectivo de a\u00ed instalar uma sociedade mission\u00e1ria, tendo conseguido que o Estado portugu\u00eas devolvesse o antigo col\u00e9gio das miss\u00f5es de Cernache de Bonjardim. <\/p>\n<p>Nessa altura, D. Jo\u00e3o Evangelista solicitou ao Papa a nomea\u00e7\u00e3o de um bispo para dirigir esses tr\u00eas espa\u00e7os de forma\u00e7\u00e3o (Cucuj\u00e3es, Cernache e Tomar), tendo sido nomeado D. Teot\u00f3nio Vieira, que em 1923 escolheu Cucuj\u00e3es para instalar a casa-m\u00e3e da futura sociedade mission\u00e1ria, institui\u00e7\u00e3o que seria fundada em 1930, pelo Papa Pio XI. <\/p>\n","protected":false},"excerpt":{"rendered":"<p>75\u00ba anivers\u00e1rio dos Mission\u00e1rios da Boa Nova<\/p>\n","protected":false},"author":1,"featured_media":0,"comment_status":"open","ping_status":"open","sticky":false,"template":"","format":"standard","meta":{"footnotes":""},"categories":[45],"tags":[],"class_list":["post-16387","post","type-post","status-publish","format-standard","hentry","category-regioes"],"_links":{"self":[{"href":"https:\/\/sites.ecclesia.pt\/cv\/wp-json\/wp\/v2\/posts\/16387","targetHints":{"allow":["GET"]}}],"collection":[{"href":"https:\/\/sites.ecclesia.pt\/cv\/wp-json\/wp\/v2\/posts"}],"about":[{"href":"https:\/\/sites.ecclesia.pt\/cv\/wp-json\/wp\/v2\/types\/post"}],"author":[{"embeddable":true,"href":"https:\/\/sites.ecclesia.pt\/cv\/wp-json\/wp\/v2\/users\/1"}],"replies":[{"embeddable":true,"href":"https:\/\/sites.ecclesia.pt\/cv\/wp-json\/wp\/v2\/comments?post=16387"}],"version-history":[{"count":0,"href":"https:\/\/sites.ecclesia.pt\/cv\/wp-json\/wp\/v2\/posts\/16387\/revisions"}],"wp:attachment":[{"href":"https:\/\/sites.ecclesia.pt\/cv\/wp-json\/wp\/v2\/media?parent=16387"}],"wp:term":[{"taxonomy":"category","embeddable":true,"href":"https:\/\/sites.ecclesia.pt\/cv\/wp-json\/wp\/v2\/categories?post=16387"},{"taxonomy":"post_tag","embeddable":true,"href":"https:\/\/sites.ecclesia.pt\/cv\/wp-json\/wp\/v2\/tags?post=16387"}],"curies":[{"name":"wp","href":"https:\/\/api.w.org\/{rel}","templated":true}]}}