{"id":16388,"date":"2006-04-03T14:44:00","date_gmt":"2006-04-03T14:44:00","guid":{"rendered":"http:\/\/localhost:81\/wp1\/?p=16388"},"modified":"2006-04-03T14:44:00","modified_gmt":"2006-04-03T14:44:00","slug":"obras-de-restauro-avancam-na-capela-de-santo-amaro","status":"publish","type":"post","link":"https:\/\/sites.ecclesia.pt\/cv\/obras-de-restauro-avancam-na-capela-de-santo-amaro\/","title":{"rendered":"Obras de restauro avan\u00e7am na capela de Santo Amaro"},"content":{"rendered":"<p>Confirmados vest\u00edgios arqueol\u00f3gicos medievais <!--more--> Os trabalhos arqueol\u00f3gicos efectuados na capela de Santo Amaro, em Estarreja, confirmaram a exist\u00eancia de um templo primitivo anterior ao actual, com a descoberta dos antigos alicerces, e ainda de sepulturas e objectos pr\u00e9-hist\u00f3ricos.<\/p>\n<p>Agora que os trabalhos arqueol\u00f3gicos est\u00e3o praticamente conclu\u00eddos, podem avan\u00e7ar as previstas obras de restauro da capela, que foram suspensas devido \u00e0 descoberta, em finais de 2002, de sepulturas medievais, tanto no interior como no adro do templo, e ainda de um machado de pedra polida e de uma l\u00e2mina de s\u00edlex, datada da Idade do Cobre e que ter\u00e1 cerca de quatro mil anos. Por isso, tudo aponta para que a capela reabra ao p\u00fablico no dia 15 de Janeiro, data da feira anual de Santo Amaro, que se realiza no terreiro envolvente.<\/p>\n<p>Os resultados dos trabalhos arqueol\u00f3gicos foram recentemente apresentados, tendo sido confirmada a descoberta dos alicerces quase integrais de um templo anterior ao actual, de ossadas em cerca de meia centena de sepulturas escavadas na rocha, de tr\u00eas imagens de santos em pedra de An\u00e7\u00e3. Para al\u00e9m dos referidos objectos pr\u00e9-hist\u00f3ricos. Por isso, a equipa respons\u00e1vel pelos trabalhos arqueol\u00f3gicos prop\u00f5e que a recupera\u00e7\u00e3o da capela preveja a sua musealiza\u00e7\u00e3o, nomeadamente com a coloca\u00e7\u00e3o de um piso em vidro, de modo a permitir a vis\u00e3o dos alicerces e sepulturas medievais, e ainda a exposi\u00e7\u00e3o dos objectos encontrados e de placas informativas.<\/p>\n<p>Os trabalhos arqueol\u00f3gicos, que custaram perto de dez mil euros, ficar\u00e3o conclu\u00eddos com a publica\u00e7\u00e3o de um livro sobre o que foi realizado e descoberto no local, o qual ser\u00e1 publicado durante o pr\u00f3ximo ano. A par disso, v\u00e3o prosseguir os estudos antropol\u00f3gicos, com base nos esqueletos e ossadas encontradas, para se poder conhecer melhor os povos que habitaram essa zona em tempos mais recuados.<\/p>\n<p>A actual capela data do in\u00edcio do s\u00e9culo dezoito, e ergue-se no alto de um pequeno monte, num local conhecido por Crasto. As descobertas arqueol\u00f3gicas agora ocorridas poder\u00e3o esclarecer algo sobre a origem desse nome, top\u00f3nimo geralmente associado a lugares onde existiram antigos povoamentos castrejos.<\/p>\n<p>C. F.<\/p>\n","protected":false},"excerpt":{"rendered":"<p>Confirmados vest\u00edgios arqueol\u00f3gicos medievais<\/p>\n","protected":false},"author":1,"featured_media":0,"comment_status":"open","ping_status":"open","sticky":false,"template":"","format":"standard","meta":{"footnotes":""},"categories":[45],"tags":[],"class_list":["post-16388","post","type-post","status-publish","format-standard","hentry","category-regioes"],"_links":{"self":[{"href":"https:\/\/sites.ecclesia.pt\/cv\/wp-json\/wp\/v2\/posts\/16388","targetHints":{"allow":["GET"]}}],"collection":[{"href":"https:\/\/sites.ecclesia.pt\/cv\/wp-json\/wp\/v2\/posts"}],"about":[{"href":"https:\/\/sites.ecclesia.pt\/cv\/wp-json\/wp\/v2\/types\/post"}],"author":[{"embeddable":true,"href":"https:\/\/sites.ecclesia.pt\/cv\/wp-json\/wp\/v2\/users\/1"}],"replies":[{"embeddable":true,"href":"https:\/\/sites.ecclesia.pt\/cv\/wp-json\/wp\/v2\/comments?post=16388"}],"version-history":[{"count":0,"href":"https:\/\/sites.ecclesia.pt\/cv\/wp-json\/wp\/v2\/posts\/16388\/revisions"}],"wp:attachment":[{"href":"https:\/\/sites.ecclesia.pt\/cv\/wp-json\/wp\/v2\/media?parent=16388"}],"wp:term":[{"taxonomy":"category","embeddable":true,"href":"https:\/\/sites.ecclesia.pt\/cv\/wp-json\/wp\/v2\/categories?post=16388"},{"taxonomy":"post_tag","embeddable":true,"href":"https:\/\/sites.ecclesia.pt\/cv\/wp-json\/wp\/v2\/tags?post=16388"}],"curies":[{"name":"wp","href":"https:\/\/api.w.org\/{rel}","templated":true}]}}