{"id":16389,"date":"2006-04-03T14:44:00","date_gmt":"2006-04-03T14:44:00","guid":{"rendered":"http:\/\/localhost:81\/wp1\/?p=16389"},"modified":"2006-04-03T14:44:00","modified_gmt":"2006-04-03T14:44:00","slug":"lisboa-espera-por-tu-no-encontro-europeu-de-jovens","status":"publish","type":"post","link":"https:\/\/sites.ecclesia.pt\/cv\/lisboa-espera-por-tu-no-encontro-europeu-de-jovens\/","title":{"rendered":"Lisboa espera por tu no Encontro Europeu de Jovens"},"content":{"rendered":"<p>27\u00ba Encontro Europeu de Jovens organizado pela Comunidade de Taiz\u00e9 <!--more--> Ao fim de 26 anos de encontros europeus organizados pela Comunidade Ecum\u00e9nica de Taiz\u00e9 por cidades de toda a Europa, Lisboa foi este ano o destino escolhido pelos irm\u00e3os para acolher o 27\u00ba encontro desta peregrina\u00e7\u00e3o de confian\u00e7a na Terra. <\/p>\n<p>Para felicidade de muitos jovens portugueses, que v\u00e3o poder retribuir o acolhimento que j\u00e1 tiveram em Taiz\u00e9 ou em anos anteriores nos encontros de peregrina\u00e7\u00e3o, e tamb\u00e9m para todos aqueles que, j\u00e1 tendo ouvido falar desta comunidade, nunca tiveram a oportunidade de participar, por causa das dist\u00e2ncias; este ano n\u00e3o pode haver desculpas. O encontro est\u00e1 marcado para Lisboa, entre 28 de Dezembro e 1 de Janeiro; e Deus espera por ti!<\/p>\n<p>A proposta \u00e9 desinstalar. Sair da nossa terra firme e acolher, partilhar, escutar, descobrir, testemunhar, rezar e celebrar juntos o Dom de Deus. Se em Taiz\u00e9, durante o ver\u00e3o ou as f\u00e9rias, estas propostas nem s\u00e3o, \u00e0 partida, dificeis de concretizar, o desafio aumenta nestes encontros europeus itinerantes. Naquela que \u00e9 a \u00faltima semana deste ano de 2004, jovens de toda a Europa v\u00e3o reunir-se em Lisboa nesta peregrina\u00e7\u00e3o. Du-ante cinco dias, que tradicionalmente s\u00e3o de f\u00e9rias e passados em fam\u00edlia, estes mesmos jovens s\u00e3o desafiados \u00e0 comunh\u00e3o e \u00e0 ora\u00e7\u00e3o, longe das suas casas e das suas fam\u00edlias de origem. Alguns v\u00e3o partir dos seus pa\u00edses ainda no dia de Natal, para estarem em Lisboa no dia 28 de Dezembro a fim de participarem no encontro para o qual n\u00e3o existem fronteiras geogr\u00e1ficas ou humanas. Tal como se escrevia no documento do encontro de Hamburgo em 2003 \u201cEstes peregrinos n\u00e3o v\u00eam \u00e0 procura do que os separa, mas do que os une, n\u00e3o para serem confortados no pessimismo, mas para se aperceberem de sinais de esperan\u00e7a.\u201d Este encontro europeu ser\u00e1 para os jovens uma pausa nas suas vidas agitadas de apelos; durante esta semana estar\u00e3o em comunh\u00e3o com gente de outras culturas, procurar\u00e3o compreender o chamameto de Deus pela ora\u00e7\u00e3o, pelo sil\u00eancio, na escuta da palavra e na troca de ideias e experi\u00eancias.<\/p>\n<p>Esta \u00e9 tamb\u00e9m uma oportunidade para Portugal mostrar que, da mesma forma que soubemos acolher e viver um Mundial de Futebol e um Rock In Rio Lisboa, sabemos que tamb\u00e9m na nossa f\u00e9 podemos ser solid\u00e1rios, contagiantes e acolhedores. Para as dioceses da grande Lisboa estes v\u00e3o tamb\u00e9m ser dias de esperan\u00e7a, quem sabe a partir desta peregrina\u00e7\u00e3o possa renascer a proximidade e a alegria de quem quase sempre vive an\u00f3nimo entre milhares. <\/p>\n<p>Desde Mar\u00e7o, aquando da visita dos irm\u00e3os da comunidade a Portugal, que algumas par\u00f3quias da diocese j\u00e1 se est\u00e3o a organizar para esta grande festa de acolhimento. Entre as dioceses de Lisboa, Santar\u00e9m e Set\u00fabal tem sido enorme a ades\u00e3o das pessoas e neste momento est\u00e3o 180 par\u00f3quias a preparar o acolhimento. Para este encontro v\u00e3o tamb\u00e9m ser precisos entre 2 a 3 mil volunt\u00e1rios que devem chegar ao encontro no dia 26, a fim de poderem inteirar-se da sua colabora\u00e7\u00e3o nos pr\u00f3ximos dias. Estes volunt\u00e1rios v\u00e3o ajudar na coordena\u00e7\u00e3o das chegadas, na limpeza, nas indica\u00e7\u00f5es e informa\u00e7\u00f5es, no coro das celebra\u00e7\u00f5es, nas anima\u00e7\u00f5es das par\u00f3quias, na distribui\u00e7\u00e3o das refei\u00e7\u00f5es e, claro, na circula\u00e7\u00e3o de pessoas na Fil. Os volunt\u00e1rios ter\u00e3o de ser quase que obrigatoriamente portugueses ou espanh\u00f3is, para poderem estar em Lisboa dia 26 de Dezembro e por quest\u00f5es pr\u00e1ticas ficar\u00e3o alojados o mais perto poss\u00edvel do parque das na\u00e7\u00f5es.<\/p>\n<p>O Secretariado da Pastoral Juvenil de Aveiro abra\u00e7ou este desafio e tem ao longo do \u00faltimo m\u00eas feito uma divulga\u00e7\u00e3o pelos v\u00e1rias arcipestados onde tem passado com a projec\u00e7\u00e3o do v\u00eddeo que explica Taiz\u00e9, a origem desta comunidade e o que se passa nestes encontros europeus bem, como o que com eles se pretende. Apesar de ser uma altura complicada para convencer pais e familiares desta pretens\u00e3o dos jovens, seria importante que muitos jovens da diocese de Aveiro pudessem participar e vivenciar esta experi\u00eancia. N\u00e3o ser\u00e1 t\u00e3o cedo que um encontro europeu deste g\u00e9nero ser\u00e1 feito em Portugal e s\u00e3o esperados cerca de 35 mil jovens em Lisboa; seria uma pena a juventude da nossa diocese n\u00e3o estar presente para depois poder ser semente desta f\u00e9 simples vivida nestes encontros de forma t\u00e3o \u00edntima e especial. Esta ser\u00e1 uma oportunidade quase \u00fanica dos jovens portugueses puderem sentir estes apelos de f\u00e9 e puderem partilh\u00e1-los com gente de tantos pa\u00edses que, de s\u00edtios long\u00ednquos, vir\u00e3o at\u00e9 Lisboa numa peregrina\u00e7\u00e3o de confian\u00e7a na terra.<\/p>\n<p>Assumimos que esta \u00e9 uma propsta radical, sobretudo pela altura do ano em que se d\u00e1, mas acreditem que quem j\u00e1 a viveu \u00e9 um exemplo vivo de que vale realmente bem a pena. Afinal n\u00e3o gostam os jovens de propostas radicais? Agarrem esta!!!<\/p>\n<p>Comunica\u00e7\u00e3o do Secretariado da Pastoral Juvenil \u2013 Aveiro<\/p>\n<p>sdpjaveiro@sapo.pt<\/p>\n<p>AINDA EST\u00c1S A TEMPO!<\/p>\n<p>As inscri\u00e7\u00f5es para este encontro, ainda abertas nos pr\u00f3ximos dias, podem ser feitas no Secretariado da Pastoral Juvenil em Aveiro, R. Jos\u00e9 Estev\u00e3o, n.\u00ba50 ou junto dos v\u00e1rios respons\u00e1veis dos arcipestados da dicocese. Se quiserem, podem ainda ligar para 234377432\/964874456. Podem participar jovens entre os 16 e os 30 anos e o custo deste encontro \u00e9 de 70\u20ac com tudo incluido em Lisboa: alojamento, alimenta\u00e7\u00e3o e m\u00f3dulos de transporte. A \u00fanica despesa \u00e0 parte ser\u00e1 a desloca\u00e7\u00e3o em conjunto do grupo de Aveiro at\u00e9 Lisboa e respectivo regresso. Haver\u00e1, pelo menos, um encontro de prepara\u00e7\u00e3o para o grupo de jovens que for da diocese de Aveiro, sejam inscritos como volunt\u00e1ros sejam como participantes. Se quiserem saber mais informa\u00e7\u00f5es, quer sobre a Comunidade de Taiz\u00e9 quer sobre este encontro, poder\u00e3o espreitar a p\u00e1gina da net: www.taize.fr<\/p>\n","protected":false},"excerpt":{"rendered":"<p>27\u00ba Encontro Europeu de Jovens organizado pela Comunidade de Taiz\u00e9<\/p>\n","protected":false},"author":1,"featured_media":0,"comment_status":"open","ping_status":"open","sticky":false,"template":"","format":"standard","meta":{"footnotes":""},"categories":[51],"tags":[],"class_list":["post-16389","post","type-post","status-publish","format-standard","hentry","category-jovens"],"_links":{"self":[{"href":"https:\/\/sites.ecclesia.pt\/cv\/wp-json\/wp\/v2\/posts\/16389","targetHints":{"allow":["GET"]}}],"collection":[{"href":"https:\/\/sites.ecclesia.pt\/cv\/wp-json\/wp\/v2\/posts"}],"about":[{"href":"https:\/\/sites.ecclesia.pt\/cv\/wp-json\/wp\/v2\/types\/post"}],"author":[{"embeddable":true,"href":"https:\/\/sites.ecclesia.pt\/cv\/wp-json\/wp\/v2\/users\/1"}],"replies":[{"embeddable":true,"href":"https:\/\/sites.ecclesia.pt\/cv\/wp-json\/wp\/v2\/comments?post=16389"}],"version-history":[{"count":0,"href":"https:\/\/sites.ecclesia.pt\/cv\/wp-json\/wp\/v2\/posts\/16389\/revisions"}],"wp:attachment":[{"href":"https:\/\/sites.ecclesia.pt\/cv\/wp-json\/wp\/v2\/media?parent=16389"}],"wp:term":[{"taxonomy":"category","embeddable":true,"href":"https:\/\/sites.ecclesia.pt\/cv\/wp-json\/wp\/v2\/categories?post=16389"},{"taxonomy":"post_tag","embeddable":true,"href":"https:\/\/sites.ecclesia.pt\/cv\/wp-json\/wp\/v2\/tags?post=16389"}],"curies":[{"name":"wp","href":"https:\/\/api.w.org\/{rel}","templated":true}]}}