{"id":16393,"date":"2006-04-03T14:44:00","date_gmt":"2006-04-03T14:44:00","guid":{"rendered":"http:\/\/localhost:81\/wp1\/?p=16393"},"modified":"2006-04-03T14:44:00","modified_gmt":"2006-04-03T14:44:00","slug":"semear-a-esperanca","status":"publish","type":"post","link":"https:\/\/sites.ecclesia.pt\/cv\/semear-a-esperanca\/","title":{"rendered":"Semear a esperan\u00e7a!"},"content":{"rendered":"<p>\u00c9 uma atitude que atravessa os s\u00e9culos da hist\u00f3ria da humanidade: a permanente expectativa de dias melhores, de um \u201creino\u201d de prosperidade e de paz. A humanidade vive em constante advento.<\/p>\n<p>Primeiro, foram os tempos longos de esfor\u00e7o religioso e filos\u00f3fico do homem: em busca da explica\u00e7\u00e3o de si pr\u00f3prio, do outro, do mundo, do cosmos; os longos tempos da descoberta das ci\u00eancias, da organiza\u00e7\u00e3o do pensamento, da busca da estrutura social, das regras da conviv\u00eancia, da organiza\u00e7\u00e3o do trabalho\u2026<\/p>\n<p>Nestes caminhos do homem, cruzaram-se os caminhos de Deus. Para al\u00e9m dos sinais que a Cria\u00e7\u00e3o patenteava, por sobre as inquieta\u00e7\u00f5es que o santu\u00e1rio da consci\u00eancia produzia, derramou-se a luz da iniciativa, por parte de Deus, de convidar a humanidade a entrar em di\u00e1logo e comunh\u00e3o com Ele, a fruir da Sua pr\u00f3pria felicidade, oferecida generosa e universalmente.<\/p>\n<p>Foi um longo caminho, de ousada esperan\u00e7a, pelo meio de muitos des\u00e2nimos e incertezas, insistentemente estimulada pelos profetas, alicer\u00e7ada na contempla\u00e7\u00e3o de uma hist\u00f3ria significante, tamb\u00e9m ela de momentos de exalta\u00e7\u00e3o e muitos momentos de frustra\u00e7\u00e3o. Mas a din\u00e2mica de promessa-cumprimento guiou um povo e despertou as na\u00e7\u00f5es.<\/p>\n<p>Mas o Dia do Senhor chegou! A semente deste mundo transformado, de estabilidade e de paz, de fraternidade e coopera\u00e7\u00e3o, de verdade e transpar\u00eancia\u2026, chegou, com a tenda de Deus erguida entre n\u00f3s, na pessoa de Jesus Cristo, como plenitude de Luz e de Vida.<\/p>\n<p>E essa \u00e9 a \u00fanica certeza capaz de catapultar, cada ano, n\u00e3o apenas os crist\u00e3os, mas muitos homens de boa vontade, em adventos de esperan\u00e7a da manifesta\u00e7\u00e3o total dessa vida nova em germina\u00e7\u00e3o. Por entre despojos de muitos conflitos, de muita desagrega\u00e7\u00e3o familiar e social, de muita desintegra\u00e7\u00e3o humana\u2026 O Homem-Deus, o Emanuel, \u00e9 a certeza de que n\u00e3o \u00e9 o caos que vence, mas o Esp\u00edrito fecundante.<\/p>\n<p>Porque o Natal j\u00e1 aconteceu, de uma vez por todas, \u00e9 que tem sentido retomar, anualmente, o empenho do Advento, para espevitar a esperan\u00e7a, para entusiasmar na redescoberta da dignidade humana, a pr\u00f3pria e a dos outros, para relan\u00e7ar sempre novas tentativas de reconstru\u00e7\u00e3o da pessoa humana, para tentar novas formas de uni\u00e3o, de integra\u00e7\u00e3o e de paz! Por entre os destro\u00e7os das civiliza\u00e7\u00f5es, o desmoronar das ideologias, dos sistemas pol\u00edticos e sociais, por entre os restos fumegantes de \u201cantigos\u201d valores, est\u00e1 sempre latente a for\u00e7a dos novos c\u00e9us e da nova terra. <\/p>\n<p>Cabe, sobretudo aos crist\u00e3os, tornar vis\u00edvel, dar corpo, na sua vida e nos seus empenhamentos, \u00e0 luz que irradia do Pres\u00e9pio de Bel\u00e9m, e que veio \u201cpara iluminar todo o homem que vem a este mundo\u201d. O Advento \u00e9 o c\u00edclico reacender desta expectativa feita esperan\u00e7a, tanto mais premente quanto vivemos um clima de pessimismo fatalista, mais do que isso, uma cultura do \u201ct\u00fanel sem sa\u00edda\u201d, convite por excel\u00eancia ao fragment\u00e1rio, imediato, superficial, emocional.<\/p>\n<p>Advento, hoje, \u00e9 a coragem de \u201cesperar contra toda a esperan\u00e7a\u201d! \u00c9 a ousadia de falar a linguagem da esperan\u00e7a! \u00c9 a \u201cloucura\u201d de viver a serenidade; e de impulsionar o gosto pela vida e pela constru\u00e7\u00e3o do mundo novo!<\/p>\n","protected":false},"excerpt":{"rendered":"<p>\u00c9 uma atitude que atravessa os s\u00e9culos da hist\u00f3ria da humanidade: a permanente expectativa de dias melhores, de um \u201creino\u201d de prosperidade e de paz. A humanidade vive em constante advento. Primeiro, foram os tempos longos de esfor\u00e7o religioso e filos\u00f3fico do homem: em busca da explica\u00e7\u00e3o de si pr\u00f3prio, do outro, do mundo, do [&hellip;]<\/p>\n","protected":false},"author":1,"featured_media":0,"comment_status":"open","ping_status":"open","sticky":false,"template":"","format":"standard","meta":{"footnotes":""},"categories":[47],"tags":[],"class_list":["post-16393","post","type-post","status-publish","format-standard","hentry","category-editorial"],"_links":{"self":[{"href":"https:\/\/sites.ecclesia.pt\/cv\/wp-json\/wp\/v2\/posts\/16393","targetHints":{"allow":["GET"]}}],"collection":[{"href":"https:\/\/sites.ecclesia.pt\/cv\/wp-json\/wp\/v2\/posts"}],"about":[{"href":"https:\/\/sites.ecclesia.pt\/cv\/wp-json\/wp\/v2\/types\/post"}],"author":[{"embeddable":true,"href":"https:\/\/sites.ecclesia.pt\/cv\/wp-json\/wp\/v2\/users\/1"}],"replies":[{"embeddable":true,"href":"https:\/\/sites.ecclesia.pt\/cv\/wp-json\/wp\/v2\/comments?post=16393"}],"version-history":[{"count":0,"href":"https:\/\/sites.ecclesia.pt\/cv\/wp-json\/wp\/v2\/posts\/16393\/revisions"}],"wp:attachment":[{"href":"https:\/\/sites.ecclesia.pt\/cv\/wp-json\/wp\/v2\/media?parent=16393"}],"wp:term":[{"taxonomy":"category","embeddable":true,"href":"https:\/\/sites.ecclesia.pt\/cv\/wp-json\/wp\/v2\/categories?post=16393"},{"taxonomy":"post_tag","embeddable":true,"href":"https:\/\/sites.ecclesia.pt\/cv\/wp-json\/wp\/v2\/tags?post=16393"}],"curies":[{"name":"wp","href":"https:\/\/api.w.org\/{rel}","templated":true}]}}