{"id":16397,"date":"2006-04-03T14:44:00","date_gmt":"2006-04-03T14:44:00","guid":{"rendered":"http:\/\/localhost:81\/wp1\/?p=16397"},"modified":"2006-04-03T14:44:00","modified_gmt":"2006-04-03T14:44:00","slug":"pao-integral-que-saboreio-todos-os-dias","status":"publish","type":"post","link":"https:\/\/sites.ecclesia.pt\/cv\/pao-integral-que-saboreio-todos-os-dias\/","title":{"rendered":"P\u00e3o integral que saboreio todos os dias"},"content":{"rendered":"<p>A Eucaristia no meu cora\u00e7\u00e3o <!--more--> Era jovem, muito jovem ainda, quando comecei a assistir (participar, soube-o mais tarde) \u00e0 Eucaristia. Celebrava-se, ent\u00e3o, em latim e com as leituras em portugu\u00eas. Eu n\u00e3o entendia nada do que dizia o padre celebrante (presidente, sei-o agora!), porque \u201cquem n\u00e3o sabe latim, fica assim\u201d e, tamb\u00e9m, porque ele pronunciava t\u00e3o rapidamente as palavras&#8230; Sabia a missa de cor! Ent\u00e3o, pelo meu pequeno missal, acompanhava as partes fixas da missa, sobretudo o c\u00e2none, mas mesmo assim n\u00e3o chegava a entender, e pensava que o padre umas vezes rezava umas ora\u00e7\u00f5es e outras vezes outras, isto \u00e9, que o c\u00e2none n\u00e3o era lido todo em todas as missas. Mas a participa\u00e7\u00e3o na Eucaristia enchia o meu pequeno cora\u00e7\u00e3o de gozo interior, sobretudo pela alegria de receber Jesus na comunh\u00e3o. De resto, tudo era privado. S\u00f3 Jesus na h\u00f3stia consagrada, que eu recebia em cada domingo, me estimulava a viver na sua amizade.<\/p>\n<p>Os anos decorreram. Veio a reforma lit\u00fargica do conc\u00edlio Vaticano II. Organizaram-se os ciclos semanais e dominicais da Liturgia da Palavra e, ap\u00f3s isto, multiplicaram-se as an\u00e1foras&#8230; A celebra\u00e7\u00e3o da Eucaristia deixou de ser sempre a mesma \u201ccoisa\u201d e o presidente j\u00e1 n\u00e3o sabia a \u201cmissa de cor\u201d. Vieram os c\u00e2nticos em polifonia, em l\u00edngua portuguesa, a substituir as belas melodias gregorianas, mas mais cant\u00e1veis por toda a assembleia lit\u00fargica. A partir desse momento, a Eucaristia passou a ser tamb\u00e9m minha, porque comecei a ler, a cantar, a participar, a entender as palavras e a Palavra. Tamb\u00e9m j\u00e1 n\u00e3o era s\u00f3 o p\u00e3o eucar\u00edstico que saciava a minha fome de Deus, mas tamb\u00e9m o p\u00e3o da Palavra que eu recebia, mastigava e digeria. A Eucaristia passou a ter para mim outro sentido, outro sabor, que superava o intimismo com que a vivia na minha juventude. A dimens\u00e3o fraterna e social abria-me novos e largos horizontes, porque entendi que a Eucaristia vai, sobretudo, para al\u00e9m do momento em que a celebro. Ali\u00e1s, a Eucaristia come\u00e7a quando acaba. <\/p>\n<p>Numa ocasi\u00e3o participei num Congresso Eucar\u00edstico. Como me foi grato relacionar o p\u00e3o eucar\u00edstico com o p\u00e3o dos pobres que n\u00e3o h\u00e1, com as mis\u00e9rias e fragilidades humanas, com as lutas e canseiras por uma vida mais humana&#8230; Como percebi que viver a Eucaristia \u00e9 comprometer-me com a exclus\u00e3o social, com os e as que marginalizo ou que se marginalizam, enfim, com todo o tipo de mis\u00e9ria humana! Para mim, a Eucaristia, onde celebro em comunidade o p\u00e3o da Palavra e o p\u00e3o eucar\u00edstico, \u00e9 o \u201cp\u00e3o integral\u201d que saboreio todos os dias, sempre que poss\u00edvel, e, sempre, ao domingo, em ordem ao fortalecimento do corpo eclesial de Jesus Cristo. <\/p>\n<p>Preocupava-me, antes, por ter muito pouco para oferecer ao Pai com Jesus na Eucaristia, pois tinha em conta a ideia de que o presidente devia ter nas suas m\u00e3os as ofertas espirituais dos fi\u00e9is para poder entregar alguma coisa&#8230; Como me sinto, agora, agradecida ao Pai por ser Jesus quem se auto-oferece e tudo nos oferece, quem se auto-doa e tudo nos d\u00e1! <\/p>\n<p>Deolinda Serralheiro<\/p>\n","protected":false},"excerpt":{"rendered":"<p>A Eucaristia no meu cora\u00e7\u00e3o<\/p>\n","protected":false},"author":1,"featured_media":0,"comment_status":"open","ping_status":"open","sticky":false,"template":"","format":"standard","meta":{"footnotes":""},"categories":[41],"tags":[],"class_list":["post-16397","post","type-post","status-publish","format-standard","hentry","category-eucaristia"],"_links":{"self":[{"href":"https:\/\/sites.ecclesia.pt\/cv\/wp-json\/wp\/v2\/posts\/16397","targetHints":{"allow":["GET"]}}],"collection":[{"href":"https:\/\/sites.ecclesia.pt\/cv\/wp-json\/wp\/v2\/posts"}],"about":[{"href":"https:\/\/sites.ecclesia.pt\/cv\/wp-json\/wp\/v2\/types\/post"}],"author":[{"embeddable":true,"href":"https:\/\/sites.ecclesia.pt\/cv\/wp-json\/wp\/v2\/users\/1"}],"replies":[{"embeddable":true,"href":"https:\/\/sites.ecclesia.pt\/cv\/wp-json\/wp\/v2\/comments?post=16397"}],"version-history":[{"count":0,"href":"https:\/\/sites.ecclesia.pt\/cv\/wp-json\/wp\/v2\/posts\/16397\/revisions"}],"wp:attachment":[{"href":"https:\/\/sites.ecclesia.pt\/cv\/wp-json\/wp\/v2\/media?parent=16397"}],"wp:term":[{"taxonomy":"category","embeddable":true,"href":"https:\/\/sites.ecclesia.pt\/cv\/wp-json\/wp\/v2\/categories?post=16397"},{"taxonomy":"post_tag","embeddable":true,"href":"https:\/\/sites.ecclesia.pt\/cv\/wp-json\/wp\/v2\/tags?post=16397"}],"curies":[{"name":"wp","href":"https:\/\/api.w.org\/{rel}","templated":true}]}}