{"id":16398,"date":"2006-04-03T14:44:00","date_gmt":"2006-04-03T14:44:00","guid":{"rendered":"http:\/\/localhost:81\/wp1\/?p=16398"},"modified":"2006-04-03T14:44:00","modified_gmt":"2006-04-03T14:44:00","slug":"por-uma-cultura-de-justica-e-paz","status":"publish","type":"post","link":"https:\/\/sites.ecclesia.pt\/cv\/por-uma-cultura-de-justica-e-paz\/","title":{"rendered":"Por uma Cultura de Justi\u00e7a e Paz"},"content":{"rendered":"<p>Exposi\u00e7\u00e3o e Mesa Redonda no Dia dos Direitos Humanos <!--more--> O Pe. Ant\u00f3nio Vaz Pinto, Alto Comiss\u00e1rio para a Imigra\u00e7\u00e3o e Minorias \u00c9tnicas, Lyudmila Bila, Presidente da Associa\u00e7\u00e3o de Apoio ao Imigrante, e Joaquim Almeida, da Uni\u00e3o de Sindicatos de Aveiro s\u00e3o alguns dos intervenientes na mesa redonda sobre \u201cImigra\u00e7\u00e3o: Atitudes e Valores\u201d, que a Comiss\u00e3o Diocesana Justi\u00e7a e Paz (CDJP) organiza no dia 11 de Dezembro, \u00e0s 15h30,no CUFC.<\/p>\n<p>Na mesa redonda participam ainda \u00c9lio Maia, presidente de Junta de Freguesia de S. Bernardo, Jo\u00e3o Barbosa, do Centro Social e Paroquial de Vera Cruz, Alexandre Teixeira, director do Instituto de Desenvolvimento e Inspec\u00e7\u00e3o das Condi\u00e7\u00f5es de Trabalho, Rui Viana, presidente de Associa\u00e7\u00e3o Industrial da Constru\u00e7\u00e3o Civil e Obras P\u00fablicas do Norte, \u00c1lvaro do Bem, da UGT e Jos\u00e9 Alves, presidente da C\u00e1ritas de Aveiro. Ser\u00e1 moderados Carlos Borrego, presidente da CDJP.<\/p>\n<p>A mesa redonda \u00e9 precedida pela exposi\u00e7\u00e3o \u201cSolid\u00e1rios pelo Bem Comum \u2013 Olhar a realidade\u201d, que abre ao p\u00fablico no dia 10 de Dezembro, no Centro de Artes e do Espect\u00e1culo, em Sever do Vouga. Nesse mesmo dia e local, \u00e0s 21h30, haver\u00e1 uma conversa sobre \u201cSinais de participa\u00e7\u00e3o solid\u00e1ria\u201d.<\/p>\n<p>Estas iniciativas da CDJP acontecem quando se comemora mais um anivers\u00e1rio da Declara\u00e7\u00e3o Universal dos Direitos Humanos (aprovada a 10 de Dezembro de 1948) e resultam da constata\u00e7\u00e3o de que \u201cs\u00e3o conhecidas hist\u00f3rias de abuso e de viola\u00e7\u00e3o de direitos humanos sofridas por imigrantes\u201d, enquanto n\u00e3o tem sido t\u00e3o divulgada \u201ca ac\u00e7\u00e3o desenvolvida pelas associa\u00e7\u00f5es de imigrantes, autarquias, institui\u00e7\u00f5es de solidariedade social, servi\u00e7os do Estado e indiv\u00edduos, na defesa e protec\u00e7\u00e3o activas dos direitos dos imigrantes e na melhoria efectiva das suas condi\u00e7\u00f5es de vida e de trabalho\u201d.<\/p>\n<p>Reconhecendo que \u201cesta imigra\u00e7\u00e3o trouxe uma popula\u00e7\u00e3o importante tanto em termos econ\u00f3micos como em rejuvenescimento demogr\u00e1fico \u2013 o que constitui uma efectiva mais valia\u201d, a CDJP pretende divulgar as boas iniciativas. \u201cA solidariedade e a humanidade destas ac\u00e7\u00f5es devem ser publicamente reconhecidas e apresentadas para que os resultados j\u00e1 alcan\u00e7ados possam frutificar, d\u00eaem coragem, na persist\u00eancia e ac\u00e7\u00e3o, aos que se empenham diariamente e estimulem outros a empenharem-se nesta causa\u201d, afirma a CDJP no folheto de divulga\u00e7\u00e3o da mesa redonda.<\/p>\n","protected":false},"excerpt":{"rendered":"<p>Exposi\u00e7\u00e3o e Mesa Redonda no Dia dos Direitos Humanos<\/p>\n","protected":false},"author":1,"featured_media":0,"comment_status":"open","ping_status":"open","sticky":false,"template":"","format":"standard","meta":{"footnotes":""},"categories":[70],"tags":[],"class_list":["post-16398","post","type-post","status-publish","format-standard","hentry","category-diocese"],"_links":{"self":[{"href":"https:\/\/sites.ecclesia.pt\/cv\/wp-json\/wp\/v2\/posts\/16398","targetHints":{"allow":["GET"]}}],"collection":[{"href":"https:\/\/sites.ecclesia.pt\/cv\/wp-json\/wp\/v2\/posts"}],"about":[{"href":"https:\/\/sites.ecclesia.pt\/cv\/wp-json\/wp\/v2\/types\/post"}],"author":[{"embeddable":true,"href":"https:\/\/sites.ecclesia.pt\/cv\/wp-json\/wp\/v2\/users\/1"}],"replies":[{"embeddable":true,"href":"https:\/\/sites.ecclesia.pt\/cv\/wp-json\/wp\/v2\/comments?post=16398"}],"version-history":[{"count":0,"href":"https:\/\/sites.ecclesia.pt\/cv\/wp-json\/wp\/v2\/posts\/16398\/revisions"}],"wp:attachment":[{"href":"https:\/\/sites.ecclesia.pt\/cv\/wp-json\/wp\/v2\/media?parent=16398"}],"wp:term":[{"taxonomy":"category","embeddable":true,"href":"https:\/\/sites.ecclesia.pt\/cv\/wp-json\/wp\/v2\/categories?post=16398"},{"taxonomy":"post_tag","embeddable":true,"href":"https:\/\/sites.ecclesia.pt\/cv\/wp-json\/wp\/v2\/tags?post=16398"}],"curies":[{"name":"wp","href":"https:\/\/api.w.org\/{rel}","templated":true}]}}