{"id":16401,"date":"2006-04-03T14:44:00","date_gmt":"2006-04-03T14:44:00","guid":{"rendered":"http:\/\/localhost:81\/wp1\/?p=16401"},"modified":"2006-04-03T14:44:00","modified_gmt":"2006-04-03T14:44:00","slug":"maria-a-humanidade-nova","status":"publish","type":"post","link":"https:\/\/sites.ecclesia.pt\/cv\/maria-a-humanidade-nova\/","title":{"rendered":"Maria &#8211; A Humanidade nova!"},"content":{"rendered":"<p>Imaculada Concei\u00e7\u00e3o <!--more--> Jesus Cristo, pelo mist\u00e9rio da Sua entrega por n\u00f3s na Cruz, passando, pela morte, \u00e0 gl\u00f3ria da ressurrei\u00e7\u00e3o, recria toda a humanidade, que Ele assume em uni\u00e3o pessoal com a Sua divindade. Nele, somos criaturas novas &#8211; os homens de todos os tempos -, segundo a resposta dada no cora\u00e7\u00e3o e na vida quotidiana ao convite de Deus para sermos santos.<\/p>\n<p>A Virgem Maria deu uma resposta total, sem reservas: \u201cEis a serva do Senhor; fa\u00e7a-se em mim segundo a tua palavra.\u201d Ela \u00e9 j\u00e1, tamb\u00e9m, criatura nova, em aten\u00e7\u00e3o \u00e0 entrega de Seu Filho.<\/p>\n<p>Sendo Jesus Cristo uma pessoa \u00fanica &#8211; Deus e Homem! -, a Virgem Maria \u00e9 M\u00e3e de Deus. Escolhida, no projecto de salva\u00e7\u00e3o, para este servi\u00e7o de cooperar no mesmo projecto, a sua condi\u00e7\u00e3o de nova criatura \u00e9 plena, e desde o princ\u00edpio. \u00c9, deste modo, sinal da humanidade nova!<\/p>\n<p>S\u00e3o estas as tr\u00eas raz\u00f5es pelas quais, h\u00e1 cento e cin-quenta anos, o Papa Pio IX proclamou que Maria \u201cfoi preservada imune de toda a mancha da culpa original, no primeiro instante da sua concep\u00e7\u00e3o.\u201d Ou seja, desde o in\u00edcio foi isenta desta fragilidade partilhada por toda a humanidade.<\/p>\n<p>E isto porque convinha que, por raz\u00e3o da maternidade divina, fosse imaculada e cheia de gra\u00e7a, possu\u00edsse a plenitude da santidade poss\u00edvel \u00e0s criaturas. Tamb\u00e9m porque a sua forma \u00fanica de cooperar na obra da reden\u00e7\u00e3o requeria que pudesse apresentar ao Pai a oferenda materna mais pura. E convinha, sem d\u00favida, que Maria aparecesse como a mulher nova, a nova cria\u00e7\u00e3o de Deus, a nova humanidade restaurada,&#8230; como est\u00edmulo e garantia para a mesma humanidade peregrina.<\/p>\n<p>Celebramos, por isso, a certeza dos efeitos da obra salv\u00edfica de Jesus Cristo; celebramos o modelo, o est\u00edmulo e a esperan\u00e7a dos mesmos efeitos ofertados a todos n\u00f3s, ainda que a alcan\u00e7ar numa peregrina\u00e7\u00e3o em crescendo para essa plenitude. <\/p>\n<p>Q. S.<\/p>\n","protected":false},"excerpt":{"rendered":"<p>Imaculada Concei\u00e7\u00e3o<\/p>\n","protected":false},"author":1,"featured_media":0,"comment_status":"open","ping_status":"open","sticky":false,"template":"","format":"standard","meta":{"footnotes":""},"categories":[38],"tags":[],"class_list":["post-16401","post","type-post","status-publish","format-standard","hentry","category-destaque"],"_links":{"self":[{"href":"https:\/\/sites.ecclesia.pt\/cv\/wp-json\/wp\/v2\/posts\/16401","targetHints":{"allow":["GET"]}}],"collection":[{"href":"https:\/\/sites.ecclesia.pt\/cv\/wp-json\/wp\/v2\/posts"}],"about":[{"href":"https:\/\/sites.ecclesia.pt\/cv\/wp-json\/wp\/v2\/types\/post"}],"author":[{"embeddable":true,"href":"https:\/\/sites.ecclesia.pt\/cv\/wp-json\/wp\/v2\/users\/1"}],"replies":[{"embeddable":true,"href":"https:\/\/sites.ecclesia.pt\/cv\/wp-json\/wp\/v2\/comments?post=16401"}],"version-history":[{"count":0,"href":"https:\/\/sites.ecclesia.pt\/cv\/wp-json\/wp\/v2\/posts\/16401\/revisions"}],"wp:attachment":[{"href":"https:\/\/sites.ecclesia.pt\/cv\/wp-json\/wp\/v2\/media?parent=16401"}],"wp:term":[{"taxonomy":"category","embeddable":true,"href":"https:\/\/sites.ecclesia.pt\/cv\/wp-json\/wp\/v2\/categories?post=16401"},{"taxonomy":"post_tag","embeddable":true,"href":"https:\/\/sites.ecclesia.pt\/cv\/wp-json\/wp\/v2\/tags?post=16401"}],"curies":[{"name":"wp","href":"https:\/\/api.w.org\/{rel}","templated":true}]}}