{"id":16402,"date":"2006-04-03T14:44:00","date_gmt":"2006-04-03T14:44:00","guid":{"rendered":"http:\/\/localhost:81\/wp1\/?p=16402"},"modified":"2006-04-03T14:44:00","modified_gmt":"2006-04-03T14:44:00","slug":"os-ciganos-nao-sao-uns-coitadinhos","status":"publish","type":"post","link":"https:\/\/sites.ecclesia.pt\/cv\/os-ciganos-nao-sao-uns-coitadinhos\/","title":{"rendered":"Os ciganos n\u00e3o s\u00e3o uns &#8220;coitadinhos&#8221;"},"content":{"rendered":"<p>D. Manuel Martins no Encontro Nacional <!--more--> Julgo que, num caso ou noutro, tenhamos seguido mais uma Pastoral de coitadiriza\u00e7\u00e3o, de julgarmos os ciganos por \u00abcoitadinhos dos nossos ciganos\u00bb ou do nosso pobre, do que caminhar com eles como pessoas que s\u00e3o iguais a n\u00f3s, em deveres e direitos, nesta sociedade em que vivemos\u201d. Esta foi a primeira reac\u00e7\u00e3o de D. Manuel Martins, no final do 31\u00ba Encontro Nacional da Pastoral dos Ciganos, que se realizou em F\u00e1tima de 19 a 21 de Novembro, sob a presid\u00eancia do ex-Bispo de Set\u00fabal, um dos respons\u00e1veis da Comiss\u00e3o Episcopal das Migra\u00e7\u00f5es e Turismo.<\/p>\n<p>Numa an\u00e1lise que nos foi feita pelo Director Executivo da Obra Nacional dos Ciganos, Manuel Monteiro, os participantes, ciganos e n\u00e3o ciganos, manifestaram desalentos face \u00e0s realidades actuais do desenvolvimento crist\u00e3o e social das pessoas de etnia cigana. No dom\u00ednio da evangeliza\u00e7\u00e3o das popula\u00e7\u00f5es ciganas, indicaram-se, por um lado, a consola\u00e7\u00e3o dos progressos verificados nalgumas dioceses no incremento dado \u00e0 Pastoral dos Ciganos e, por outro, a esperan\u00e7a de que o mesmo desenvolvimento se verifique em todas as dioceses que t\u00eam popula\u00e7\u00f5es ciganas.<\/p>\n<p>Os aspectos da comunica\u00e7\u00e3o da f\u00e9 foram evidenciados pelo convidado Pe. Ant\u00f3nio Heredia Cort\u00e9s, jovem cigano espanhol, quando falou da sua voca\u00e7\u00e3o ao sacerd\u00f3cio no contexto da sua cultura de cigano. Sublinhou-se a conveni\u00eancia de a liturgia cat\u00f3lica ter mais em conta as caracter\u00edsticas pr\u00f3prias da cultura cigana e reafirmou-se a necessidade de se passar \u00e0 pr\u00e1tica na transforma\u00e7\u00e3o das atitudes relativamente \u00e0 interac\u00e7\u00e3o com as especificidades da etnia cigana.<\/p>\n<p>Conclus\u00f5es<\/p>\n<p>No dom\u00ednio da inclus\u00e3o social da etnia cigana, foram salientados aspectos como o plano de realojamento da popula\u00e7\u00e3o cigana na cidade de Tomar, o projecto Senda Gitana \u2013 existente em Aveiro para os ciganos de Ervideiros  \u2013 e a reuni\u00e3o que o Alto Comissariado para as Migra\u00e7\u00f5es e Minorias \u00c9tnicas ir\u00e1 realizar proximamente com 70 C\u00e2maras Municipais sobre a venda ambulante. Por outro lado, constatou-se o agravamento das condi\u00e7\u00f5es e das perspectivas de funcionamento dos mediadores socioculturais ciganos, sendo motivo de preocupa\u00e7\u00e3o o futuro escolar das crian\u00e7as ciganas e a actua\u00e7\u00e3o de algumas for\u00e7as policiais junto de ciganos, seja no sentido de reprimir a venda ambulante, seja para os excluir de algumas localidades.<\/p>\n<p>No encontro foram evocados: a Ir. Zulmira da Concei\u00e7\u00e3o Cunha, falecida na v\u00e9spera do encontro, e o c\u00f3nego Filipe de Figueiredo, falecido h\u00e1 um ano, e saudou-se o novo director da Obra Nacional da Pastoral dos Ciganos, Amadeu Dias Ferreira.<\/p>\n","protected":false},"excerpt":{"rendered":"<p>D. Manuel Martins no Encontro Nacional<\/p>\n","protected":false},"author":1,"featured_media":0,"comment_status":"open","ping_status":"open","sticky":false,"template":"","format":"standard","meta":{"footnotes":""},"categories":[44],"tags":[],"class_list":["post-16402","post","type-post","status-publish","format-standard","hentry","category-igreja"],"_links":{"self":[{"href":"https:\/\/sites.ecclesia.pt\/cv\/wp-json\/wp\/v2\/posts\/16402","targetHints":{"allow":["GET"]}}],"collection":[{"href":"https:\/\/sites.ecclesia.pt\/cv\/wp-json\/wp\/v2\/posts"}],"about":[{"href":"https:\/\/sites.ecclesia.pt\/cv\/wp-json\/wp\/v2\/types\/post"}],"author":[{"embeddable":true,"href":"https:\/\/sites.ecclesia.pt\/cv\/wp-json\/wp\/v2\/users\/1"}],"replies":[{"embeddable":true,"href":"https:\/\/sites.ecclesia.pt\/cv\/wp-json\/wp\/v2\/comments?post=16402"}],"version-history":[{"count":0,"href":"https:\/\/sites.ecclesia.pt\/cv\/wp-json\/wp\/v2\/posts\/16402\/revisions"}],"wp:attachment":[{"href":"https:\/\/sites.ecclesia.pt\/cv\/wp-json\/wp\/v2\/media?parent=16402"}],"wp:term":[{"taxonomy":"category","embeddable":true,"href":"https:\/\/sites.ecclesia.pt\/cv\/wp-json\/wp\/v2\/categories?post=16402"},{"taxonomy":"post_tag","embeddable":true,"href":"https:\/\/sites.ecclesia.pt\/cv\/wp-json\/wp\/v2\/tags?post=16402"}],"curies":[{"name":"wp","href":"https:\/\/api.w.org\/{rel}","templated":true}]}}