{"id":16403,"date":"2006-04-03T14:44:00","date_gmt":"2006-04-03T14:44:00","guid":{"rendered":"http:\/\/localhost:81\/wp1\/?p=16403"},"modified":"2006-04-03T14:44:00","modified_gmt":"2006-04-03T14:44:00","slug":"espaco-para-a-comunidade-participar-e-crescer","status":"publish","type":"post","link":"https:\/\/sites.ecclesia.pt\/cv\/espaco-para-a-comunidade-participar-e-crescer\/","title":{"rendered":"Espa\u00e7o para a comunidade participar e crescer"},"content":{"rendered":"<p>Nova igreja de St\u00aa Eul\u00e1lia, Aguada de Cima <!--more--> Aguada de Cima vai ter uma igreja paroquial nova. Ser\u00e1 inaugurada no dia 11 de Dezembro, s\u00e1bado, numa feliz coincid\u00eancia entre o dia da padroeira, Santa Eul\u00e1lia (10 de Dezembro), e do dia da restaura\u00e7\u00e3o da diocese de Aveiro (11 de Dezembro). A Eucaristia de b\u00ean\u00e7\u00e3o e consagra\u00e7\u00e3o do altar, presidida por D. Ant\u00f3nio Marcelino, est\u00e1 marcada para as 17h desse s\u00e1bado. Seguir-se-\u00e1 um jantar de confraterniza\u00e7\u00e3o nas instala\u00e7\u00f5es da Liga dos Amigos de Aguada de Cima.<\/p>\n<p>Em conversa com o Correio do Vouga, o Pe. Jo\u00e3o Paulo Gandarinho, p\u00e1roco, falou do templo renovado e n\u00e3o escondeu a satisfa\u00e7\u00e3o com o trabalho feito: \u201cDesde que vim para c\u00e1 [h\u00e1 11 anos], foi preocupa\u00e7\u00e3o minha e sonho desta gente uma igreja com melhores condi\u00e7\u00f5es. Agora temos um espa\u00e7o f\u00edsico concebido dentro das normas lit\u00fargicas para possibilitar a participa\u00e7\u00e3o da comunidade. A igreja tem um p\u00e9 direito baixo, mas ficou com uma luminosidade natural que \u00e9 um espect\u00e1culo. D\u00e1 a sensa\u00e7\u00e3o de que algu\u00e9m se esqueceu de desligar as luzes\u201d.<\/p>\n<p>As anteriores remodela\u00e7\u00f5es tinham sido em 1960 \u2013 era p\u00e1roco Ant\u00f3nio Fragoso, hoje em Estarreja \u2013 e 1955, com o Pe Orlando. Nesta primeira remodela\u00e7\u00e3o foi retirada muita talha dourada do s\u00e9c. XVI e pe\u00e7as que, depois de andarem \u201cao trambolh\u00e3o\u201d, foram agora reintegradas na nova igreja \u2013 \u00e9 o caso do arco cruzeiro \u2013 ou v\u00e3o constituir o museu que ser\u00e1 constru\u00eddo em frente. Com o museu ser\u00e3o erguidas tamb\u00e9m casas de banho e uma casa mortu\u00e1ria. \u201cN\u00e3o capela, mas casa mortu\u00e1ria \u2013 sublinhou o Pe Gandarinho \u2013 para estar aberta aos fi\u00e9is da Igreja Metodista e da Assembleia de Deus\u201d, muito presentes na regi\u00e3o.<\/p>\n<p>No novo espa\u00e7o celebrativo destacam-se os tr\u00eas altares de talha dourada. No altar da direita sobressai uma imagem tradicional da Sant\u00edssima Trindade (o Pai segura o Filho, na cruz, com o Esp\u00edrito Santo representado na pomba). No da esquerda est\u00e1 uma imagem de Nossa Senhora segurando uma rom\u00e3, \u201cprovavelmente a imagem mais valiosa\u201d, assegura o Pe Gandarinho. A rom\u00e3, com os seus gr\u00e3os vermelhos, tanto simboliza o sangue de Cristo como a Igreja, comunidade dos fi\u00e9is.<\/p>\n<p>A Pia Baptismal ganhou um novo espa\u00e7o. Agora fica \u00e0 frente da assembleia, do lado esquerdo, com um painel cer\u00e2mico representando o baptismo de Jesus por Jo\u00e3o. Do lado oposto fica o sacr\u00e1rio, num \u201cespa\u00e7o simples mas convidativo ao recolhimento\u201d.<\/p>\n<p>Da igreja-templo <\/p>\n<p>\u00e0 igreja-comunidade<\/p>\n<p>Quando o Correio do Vouga visitou a igreja, ainda o interior n\u00e3o tinha bancos nem altar, mas j\u00e1 tudo caminhava a passos largos para a inaugura\u00e7\u00e3o. O Pe Gandarinho dava instru\u00e7\u00f5es a alguns oper\u00e1rios. A ansiedade da inaugura\u00e7\u00e3o come\u00e7a a sentir-se, mas o p\u00e1roco de Aguada de Cima, que tamb\u00e9m \u00e9 assistente espiritual do Movimento dos Cursilhos de Cristandade, vai isolar-se uns dias antes. \u00c9 o director espiritual do pr\u00f3ximo Cursilho de Senhoras (2 a 5 de Dezembro): \u201cVai-me fazer bem, porque \u00e9 um momento de paragem. Vai ser mesmo na altura dos bancos, do altar, das limpezas, dos \u00faltimos arranjos&#8230;. Mas a S.ta Eul\u00e1lia vai ajudar\u201d.<\/p>\n<p>As obras custaram cerca de 1 milh\u00e3o de euros (duzentos mil contos). \u201cO que falta pagar n\u00e3o \u00e9 significativo\u201d, afirma o p\u00e1roco. As empresas desta regi\u00e3o bairradina ofereceram todo o material, enquanto o povo se excedeu em generosidade. Mas agora, depois de conclu\u00edda a igreja-templo, \u00e9 necess\u00e1rio continuar a constru\u00e7\u00e3o da igreja-comunidade. \u201cSinto que a constru\u00e7\u00e3o da igreja congregou este povo \u2013 afirma o Pe. Gandarinho. Os cortejos de ofertas para as obras foram uma aut\u00eantica festa. Gostava era que este povo t\u00e3o participativo tamb\u00e9m crescesse como comunidade crist\u00e3. \u00c9 esse o desafio que vai estar presente no dia da inaugura\u00e7\u00e3o\u201d.      <\/p>\n<p>J.P.F.<\/p>\n<p>Ficha da nova igreja<\/p>\n<p>Padroeira: S.ta Eul\u00e1dia<\/p>\n<p>Lota\u00e7\u00e3o: 320 lugares sentados<\/p>\n<p>Projecto de remodela\u00e7\u00e3o: Arq. Cravo Machado<\/p>\n<p>Empreiteiro: Pedro Cruz (Barr\u00f4)<\/p>\n<p>\u00daltima remodela\u00e7\u00e3o: 1960 &#8211; era p\u00e1roco Ant\u00f3nio Fragoso<\/p>\n<p>Painel cer\u00e2mico da Pia Baptismal: Art. Jos\u00e9 Augusto<\/p>\n<p>Talha dourada do s\u00e9c. XVI restaurada por Em\u00edlia e Teresa<\/p>\n<p>Vitrais novos (representando os sacramentos, s\u00edmbolos eucar\u00edsticos e a padroeira): Isabel Ramos (Mangualde)<\/p>\n<p>Custo da obra: Cerca de 1 milh\u00e3o de euros.<\/p>\n","protected":false},"excerpt":{"rendered":"<p>Nova igreja de St\u00aa Eul\u00e1lia, Aguada de Cima<\/p>\n","protected":false},"author":1,"featured_media":0,"comment_status":"open","ping_status":"open","sticky":false,"template":"","format":"standard","meta":{"footnotes":""},"categories":[38],"tags":[],"class_list":["post-16403","post","type-post","status-publish","format-standard","hentry","category-destaque"],"_links":{"self":[{"href":"https:\/\/sites.ecclesia.pt\/cv\/wp-json\/wp\/v2\/posts\/16403","targetHints":{"allow":["GET"]}}],"collection":[{"href":"https:\/\/sites.ecclesia.pt\/cv\/wp-json\/wp\/v2\/posts"}],"about":[{"href":"https:\/\/sites.ecclesia.pt\/cv\/wp-json\/wp\/v2\/types\/post"}],"author":[{"embeddable":true,"href":"https:\/\/sites.ecclesia.pt\/cv\/wp-json\/wp\/v2\/users\/1"}],"replies":[{"embeddable":true,"href":"https:\/\/sites.ecclesia.pt\/cv\/wp-json\/wp\/v2\/comments?post=16403"}],"version-history":[{"count":0,"href":"https:\/\/sites.ecclesia.pt\/cv\/wp-json\/wp\/v2\/posts\/16403\/revisions"}],"wp:attachment":[{"href":"https:\/\/sites.ecclesia.pt\/cv\/wp-json\/wp\/v2\/media?parent=16403"}],"wp:term":[{"taxonomy":"category","embeddable":true,"href":"https:\/\/sites.ecclesia.pt\/cv\/wp-json\/wp\/v2\/categories?post=16403"},{"taxonomy":"post_tag","embeddable":true,"href":"https:\/\/sites.ecclesia.pt\/cv\/wp-json\/wp\/v2\/tags?post=16403"}],"curies":[{"name":"wp","href":"https:\/\/api.w.org\/{rel}","templated":true}]}}