{"id":16404,"date":"2006-04-03T14:44:00","date_gmt":"2006-04-03T14:44:00","guid":{"rendered":"http:\/\/localhost:81\/wp1\/?p=16404"},"modified":"2006-04-03T14:44:00","modified_gmt":"2006-04-03T14:44:00","slug":"fabrica-visitada-por-mais-de-cinco-mil-pessoas","status":"publish","type":"post","link":"https:\/\/sites.ecclesia.pt\/cv\/fabrica-visitada-por-mais-de-cinco-mil-pessoas\/","title":{"rendered":"&#8220;F\u00e1brica&#8221; visitada por mais de cinco mil pessoas"},"content":{"rendered":"<p>Durante a Semana da Ci\u00eancia e Tecnologia <!--more--> A quinta edi\u00e7\u00e3o da Semana da Ci\u00eancia e Tecnologia da Universidade de Aveiro, que terminou no domingo, marcou a estreia no evento da F\u00e1brica de Ci\u00eancia Viva.<\/p>\n<p>Paulo Trinc\u00e3o, director da F\u00e1brica, referiu que ela \u201c\u00e9 um projecto muito recente, abriu este ano\u201d, e sendo \u201cuma estrutura da Universidade de Aveiro, materializada atrav\u00e9s da Funda\u00e7\u00e3o Jo\u00e3o Jacinto de Magalh\u00e3es, destinada exclusivamente a promover a cultura cient\u00edfica e tecnol\u00f3gica durante todo o ano, era natural que participasse de forma activa nesta Semana da Ci\u00eancia e Tecnologia\u00bb. Apesar de recente, as coisas \u201ct\u00eam corrido francamente bem. Foi o primeiro grande teste da F\u00e1brica a receber um n\u00famero de visitantes muit\u00edssimo elevado, que j\u00e1 deve rondar as cinco mil pessoas\u201d, isso no in\u00edcio da tarde de sexta-feira.<\/p>\n<p>Para este \u00eaxito contribuiu o conjunto de actividades que a F\u00e1brica organizou para tr\u00eas p\u00fablicos: infantil (at\u00e9 aos 10 anos), juvenil (dos 10 aos 17 anos), e universit\u00e1rio e adulto. E ainda o facto do centro estar a oferecer, em alguns dias, actividades desde as 10 horas at\u00e9 perto da meia noite.<\/p>\n<p>Como interessar as crian\u00e7as dos jardins de inf\u00e2ncia pela ci\u00eancia, foi o grande desafio da F\u00e1brica .\u201dEm crian\u00e7as dessa idade, o que n\u00f3s pretendemos fomentar \u00e9 o esp\u00edrito da descoberta, da interroga\u00e7\u00e3o. Devemos ajudar as crian\u00e7as a observar melhor o mundo que as envolve, ajud\u00e1-las a interrogar e a encontrar as suas respostas\u201d. Por isso, a exposi\u00e7\u00e3o dedicada \u00e0s crian\u00e7as intitula-se \u201cos bichos que andam por a\u00ed\u201d, com fotos de animais que andam por a\u00ed no dia a dia, de modo a lev\u00e1-las a \u201cidentificar esses animais, perceber que fun\u00e7\u00f5es t\u00eam esses animais, se vivem perto das pessoas. Com isso, j\u00e1 temos um conjunto de interroga\u00e7\u00f5es que s\u00e3o lan\u00e7adas a essas crian\u00e7as mais pequenas\u201d. Para as crian\u00e7as com sete ou mais anos, a proposta tem a ver com os robots, que elas podem programar atrav\u00e9s de um sistema simples. Com isso, pretende-se \u201cque as crian\u00e7as estruturem o seu pensa-mento de uma forma organizada\u201d, explica Paulo Trinc\u00e3o.<\/p>\n<p>J\u00e1 os adolescentes encontram aqui, de uma forma l\u00fadica e did\u00e1ctica, temas que integram os seus programas escolares, nomeadamente nas exposi\u00e7\u00f5es sobre o ADN e os \u201cGenes e a alimenta\u00e7\u00e3o\u201d, mat\u00e9rias que \u201cs\u00e3o aprofundadas nos filmes tridimensionais apresentados e em algumas experi\u00eancias laboratoriais que podem executar durante a visita\u201d.<\/p>\n<p>F\u00e1brica divulga ci\u00eancia todo o ano<\/p>\n<p>O programa da F\u00e1brica n\u00e3o encerrou com o termo da semana da ci\u00eancia e tecnologia, como garantiu o seu director, ao dizer que tudo se mant\u00e9m, incluindo o Centro Mindds-torm da Lego, que \u00e9 \u00fanico na Pen\u00ednsula Ib\u00e9rica.<\/p>\n<p>Em Janeiro, a F\u00e1brica vai abrir ao p\u00fablico uma nova val\u00eancia, que \u00e9 o Laborat\u00f3rio Cozinha Alimentar, onde as pessoas \u201cpoder\u00e3o experimentar receitas, perceber mais sobre a qu\u00edmica dos alimentos, a qualidade dos alimentos, como s\u00e3o compostos, como se alteram, como s\u00e3o utilizados na alimenta\u00e7\u00e3o humana\u201d. Para al\u00e9m disso, Paulo Trinc\u00e3o revelou que ir\u00e3o surgir mais surpresas, que atempadamente ser\u00e3o reveladas. Outra estrutura permanente que se mant\u00e9m \u00e9 o teatro, com sess\u00f5es de manh\u00e3 e \u00e0 tarde, incluindo aos fins-de-semana. A F\u00e1brica encerra \u00e0 segunda-feira.<\/p>\n<p>A F\u00e1brica \u00e9 uma estrutura de \u00e2mbito nacional, como o provam as dezenas de visitas de escolas de todo o pa\u00eds. Por isso, qualquer escola que deseje programar uma visita \u00e0 F\u00e1brica s\u00f3 necessita de marcar a visita e ajustar o tipo de programas que pretende fazer, de acordo com as idades dos alunos. Os visitantes individuais ou familiares tamb\u00e9m podem visitar a F\u00e1brica.<\/p>\n","protected":false},"excerpt":{"rendered":"<p>Durante a Semana da Ci\u00eancia e Tecnologia<\/p>\n","protected":false},"author":1,"featured_media":0,"comment_status":"open","ping_status":"open","sticky":false,"template":"","format":"standard","meta":{"footnotes":""},"categories":[45],"tags":[],"class_list":["post-16404","post","type-post","status-publish","format-standard","hentry","category-regioes"],"_links":{"self":[{"href":"https:\/\/sites.ecclesia.pt\/cv\/wp-json\/wp\/v2\/posts\/16404","targetHints":{"allow":["GET"]}}],"collection":[{"href":"https:\/\/sites.ecclesia.pt\/cv\/wp-json\/wp\/v2\/posts"}],"about":[{"href":"https:\/\/sites.ecclesia.pt\/cv\/wp-json\/wp\/v2\/types\/post"}],"author":[{"embeddable":true,"href":"https:\/\/sites.ecclesia.pt\/cv\/wp-json\/wp\/v2\/users\/1"}],"replies":[{"embeddable":true,"href":"https:\/\/sites.ecclesia.pt\/cv\/wp-json\/wp\/v2\/comments?post=16404"}],"version-history":[{"count":0,"href":"https:\/\/sites.ecclesia.pt\/cv\/wp-json\/wp\/v2\/posts\/16404\/revisions"}],"wp:attachment":[{"href":"https:\/\/sites.ecclesia.pt\/cv\/wp-json\/wp\/v2\/media?parent=16404"}],"wp:term":[{"taxonomy":"category","embeddable":true,"href":"https:\/\/sites.ecclesia.pt\/cv\/wp-json\/wp\/v2\/categories?post=16404"},{"taxonomy":"post_tag","embeddable":true,"href":"https:\/\/sites.ecclesia.pt\/cv\/wp-json\/wp\/v2\/tags?post=16404"}],"curies":[{"name":"wp","href":"https:\/\/api.w.org\/{rel}","templated":true}]}}