{"id":16416,"date":"2006-04-03T14:44:00","date_gmt":"2006-04-03T14:44:00","guid":{"rendered":"http:\/\/localhost:81\/wp1\/?p=16416"},"modified":"2006-04-03T14:44:00","modified_gmt":"2006-04-03T14:44:00","slug":"cristao-e-crista-salta-de-alegria","status":"publish","type":"post","link":"https:\/\/sites.ecclesia.pt\/cv\/cristao-e-crista-salta-de-alegria\/","title":{"rendered":"&#8220;Crist\u00e3o e crist\u00e3, salta de alegria!&#8221;"},"content":{"rendered":"<p>\u00c0 Luz da Palavra &#8211; 3\u00ba Domingo do Advento &#8211; Ano A <!--more--> A liturgia deste domingo convida-nos a elevar, com o profeta Isa\u00edas, um c\u00e2ntico de jubilosa esperan\u00e7a, de profusa alegria, porque vem o Senhor em pessoa libertar o seu povo. No meio do maior perigo actual que \u00e9 o des\u00e2nimo, a desilus\u00e3o e a tristeza, este terceiro domingo do Advento anuncia-nos a  alegria: \u201cAlegrai-vos sempre no Senhor. Exultai de alegria: o Senhor est\u00e1 perto\u201d.<\/p>\n<p>A alegria \u00e9 a t\u00f3nica geral da primeira leitura. A raz\u00e3o desta alegria \u00e9 a restaura\u00e7\u00e3o, que o pr\u00f3prio Deus traz \u00e0 nossa hist\u00f3ria e que afecta a natureza e as pessoas. O profeta Isa\u00edas compraz-se em apresentar a imagem de um deserto que se transfigurou em para\u00edso. Procura, assim, fortalecer a esperan\u00e7a e o j\u00fabilo do povo exilado na Babil\u00f3nia, porque o regresso \u00e0 terra prometida est\u00e1 iminente. Tra\u00e7a, no texto, a caminhada do povo como uma grande peregrina\u00e7\u00e3o festiva a caminho de Jerusal\u00e9m. A alegria e o j\u00fabilo multiplicam-se, porque o pr\u00f3prio Deus \u00e9 o guia dos peregrinos. Ao olharmos para o nosso tempo descobrimos que ele se nos apresenta ambivalente. Por um lado, est\u00e3o as grandes descobertas e realiza\u00e7\u00f5es, um mundo de possibilidades que engrandecem os mais optimistas; e, por outro lado, est\u00e3o os destro\u00e7os das pessoas e da natureza, que abatem os pessimistas. Por\u00e9m, para todos n\u00f3s este tempo \u00e9 de desafios e de interpela\u00e7\u00f5es. Como crist\u00e3o e crist\u00e3, com que olhos vejo este tempo? N\u00e3o me posso esquecer de que Deus est\u00e1 connosco e que a sua interven\u00e7\u00e3o gera vida. O Advento \u00e9 o tempo em que se anuncia e espera esta interven\u00e7\u00e3o salvadora de Deus a nosso favor. Todavia, Ele s\u00f3 transformar\u00e1 as pessoas e as situa\u00e7\u00f5es, se eu me dispuser a receb\u00ea-lo e a colaborar com Ele. Pelo baptismo recebi voca\u00e7\u00e3o de profeta e por isso hei-de gritar a esperan\u00e7a e a alegria, como Isa\u00edas, contra o des\u00e2nimo e o imobilismo de tantos. Aceito a proposta libertadora de Deus e testemunho a alegria e a esperan\u00e7a?<\/p>\n<p>O evangelho faz refer\u00eancia ao texto de Isa\u00edas, quando refere: \u201cOs cegos v\u00eaem, os coxos andam, os surdos ouvem&#8230;\u201d. Os sinais que Jesus apresenta como afirma\u00e7\u00e3o de que \u00e9 Ele o Messias Salvador, manifestam a presen\u00e7a activa de Deus, que nos liberta das nossas amarras. Estes sinais salvadores h\u00e3o-de continuar na nossa hist\u00f3ria atrav\u00e9s de n\u00f3s, disc\u00edpulos e disc\u00edpulas de Jesus. Hoje, h\u00e1 muita gente \u201cpresa\u201d nas suas limita\u00e7\u00f5es espirituais e f\u00edsicas, pessoais e sociais. H\u00e1 muita gente \u201camarrada\u201d no seu ego\u00edsmo e viol\u00eancia. H\u00e1 muita gente \u201cprivada\u201d de movimento e de liberdade, esfomeada, analfabeta, marginalizada&#8230; Como posso ser eu para esta gente fonte de alegria e de esperan\u00e7a, portador da Boa Nova do amor, da liberdade, da comunh\u00e3o e da solidariedade? <\/p>\n<p>A segunda leitura convida-nos a n\u00e3o deixar que o desespero nos atinja, enquanto esperamos, com paci\u00eancia e confian\u00e7a, a vinda do Senhor. Todos os dias h\u00e1 muitos irm\u00e3os e irm\u00e3s nossos que fazem a experi\u00eancia detest\u00e1vel de viver na injusti\u00e7a, no medo, no sofrimento, \u00e0 margem da vida&#8230; enfim, privados de dignidade. A carta de Tiago quer dizer-lhes: \u201capesar do sem sentido da vida, apesar do sofrimento, Deus n\u00e3o vos abandonou nem esqueceu, mas vai libertar-vos. Aproxima-se a dia da interven\u00e7\u00e3o salvadora de Deus. Esperai-o, n\u00e3o com o cora\u00e7\u00e3o cheio de revolta, que vos destr\u00f3i e que magoa todos aqueles e aquelas que, sem ter culpa nenhuma do que se passa, vivem e caminham a vosso lado, mas com esperan\u00e7a e confian\u00e7a\u201d. Contudo, se a esperan\u00e7a e a alegria n\u00e3o se podem viver no seio do conformismo e da passividade, tamb\u00e9m a liberta\u00e7\u00e3o de Deus n\u00e3o se pode operar em cora\u00e7\u00f5es revoltados, cheios de \u00f3dio e de vingan\u00e7a. \u00c9 urgente anunciar ao mundo a salva\u00e7\u00e3o de Deus atrav\u00e9s do nosso testemunho. Luto, objectiva e circunstancialmente, para tornar realidade o projecto libertador de Deus e para calar a opress\u00e3o, a injusti\u00e7a e tudo o mais que rouba a vida e a dignidade a qualquer homem ou mulher?<\/p>\n<p>Leituras do 3\u00ba Domingo do Advento \u2013 Ano A<\/p>\n<p>Is 35,1-6a.10; Sl 146 (145); Tg 5,7-10; <\/p>\n<p>Mt 11,2-11<\/p>\n","protected":false},"excerpt":{"rendered":"<p>\u00c0 Luz da Palavra &#8211; 3\u00ba Domingo do Advento &#8211; Ano A<\/p>\n","protected":false},"author":1,"featured_media":0,"comment_status":"open","ping_status":"open","sticky":false,"template":"","format":"standard","meta":{"footnotes":""},"categories":[59],"tags":[],"class_list":["post-16416","post","type-post","status-publish","format-standard","hentry","category-formacao"],"_links":{"self":[{"href":"https:\/\/sites.ecclesia.pt\/cv\/wp-json\/wp\/v2\/posts\/16416","targetHints":{"allow":["GET"]}}],"collection":[{"href":"https:\/\/sites.ecclesia.pt\/cv\/wp-json\/wp\/v2\/posts"}],"about":[{"href":"https:\/\/sites.ecclesia.pt\/cv\/wp-json\/wp\/v2\/types\/post"}],"author":[{"embeddable":true,"href":"https:\/\/sites.ecclesia.pt\/cv\/wp-json\/wp\/v2\/users\/1"}],"replies":[{"embeddable":true,"href":"https:\/\/sites.ecclesia.pt\/cv\/wp-json\/wp\/v2\/comments?post=16416"}],"version-history":[{"count":0,"href":"https:\/\/sites.ecclesia.pt\/cv\/wp-json\/wp\/v2\/posts\/16416\/revisions"}],"wp:attachment":[{"href":"https:\/\/sites.ecclesia.pt\/cv\/wp-json\/wp\/v2\/media?parent=16416"}],"wp:term":[{"taxonomy":"category","embeddable":true,"href":"https:\/\/sites.ecclesia.pt\/cv\/wp-json\/wp\/v2\/categories?post=16416"},{"taxonomy":"post_tag","embeddable":true,"href":"https:\/\/sites.ecclesia.pt\/cv\/wp-json\/wp\/v2\/tags?post=16416"}],"curies":[{"name":"wp","href":"https:\/\/api.w.org\/{rel}","templated":true}]}}