{"id":16433,"date":"2006-04-03T14:44:00","date_gmt":"2006-04-03T14:44:00","guid":{"rendered":"http:\/\/localhost:81\/wp1\/?p=16433"},"modified":"2006-04-03T14:44:00","modified_gmt":"2006-04-03T14:44:00","slug":"tesouro-inestimavel","status":"publish","type":"post","link":"https:\/\/sites.ecclesia.pt\/cv\/tesouro-inestimavel\/","title":{"rendered":"Tesouro Inestim\u00e1vel"},"content":{"rendered":"<p>A Eucaristia no meu cora\u00e7\u00e3o <!--more--> \u00c9 bom demorar-se com Ele e, inclinado sobre o seu peito como o disc\u00edpulo predilecto, deixar-se tocar pelo amor infinito do seu cora\u00e7\u00e3o.<\/p>\n<p>O culto prestado \u00e0 Eucaristia fora da Missa \u00e9 de um valor inestim\u00e1vel na vida da Igreja, e est\u00e1 ligado intimamente com a celebra\u00e7\u00e3o do sacrif\u00edcio eucar\u00edstico. A presen\u00e7a de Cristo nas h\u00f3stias consagradas que se conservam ap\u00f3s a Missa \u2013 presen\u00e7a essa que perdura enquanto subsistirem as esp\u00e9cies do p\u00e3o do vinho \u2013 resulta da celebra\u00e7\u00e3o da Eucaristia e destina-se \u00e0 comunh\u00e3o, sacramental e espiritual. Compete aos Pastores, inclusive pelo testemunho pessoal, estimular o culto eucar\u00edstico, de modo particular as exposi\u00e7\u00f5es do Sant\u00edssimo Sacramento e tamb\u00e9m as visitas de adora\u00e7\u00e3o a Cristo presente sob as esp\u00e9cies eucar\u00edsticas.<\/p>\n<p>\u00c9 bom demorar-se com Ele e, inclinado sobre o seu peito como o disc\u00edpulo predilecto (cf. Jo 13, 25), deixar-se tocar pelo amor infinito do seu cora\u00e7\u00e3o. Se actualmente o cristianismo se deve caracterizar sobretudo pela \u00abarte da ora\u00e7\u00e3o\u00bb, como n\u00e3o sentir de novo a necessidade de permanecer longamente, em di\u00e1logo espiritual, adora\u00e7\u00e3o silenciosa, atitude de amor, diante de Cristo presente no Sant\u00edssimo Sacramento? Quantas vezes, meus queridos irm\u00e3os e irm\u00e3s, fiz esta experi\u00eancia, recebendo dela for\u00e7a, consola\u00e7\u00e3o, apoio!<\/p>\n<p>Desta pr\u00e1tica, muitas vezes louvada e recomendada pelo Magist\u00e9rio, deram-nos o exemplo numerosos Santos. De modo particular, distinguiu-se nisto S. Afonso Maria de Lig\u00f3rio, que escrevia: \u00abA devo\u00e7\u00e3o de adorar Jesus sacramentado \u00e9, depois dos sacramentos, a primeira de todas as devo\u00e7\u00f5es, a mais agrad\u00e1vel a Deus e a mais \u00fatil para n\u00f3s \u00bb. A Eucaristia \u00e9 um tesouro inestim\u00e1vel: n\u00e3o s\u00f3 a sua celebra\u00e7\u00e3o, mas tamb\u00e9m o permanecer diante dela fora da Missa permite-nos beber na pr\u00f3pria fonte da gra\u00e7a. Uma comunidade crist\u00e3 que queira contemplar melhor o rosto de Cristo, segundo o esp\u00edrito que sugeri nas cartas apost\u00f3licas Novo millennio ineunte e Rosarium Virginis Mari\u00e6, n\u00e3o pode deixar de desenvolver tamb\u00e9m este aspecto do culto eucar\u00edstico, no qual perduram e se multiplicam os frutos da comunh\u00e3o do corpo e sangue do Senhor.<\/p>\n<p>Jo\u00e3o Paulo II, Ecclesia de Eucharistia<\/p>\n","protected":false},"excerpt":{"rendered":"<p>A Eucaristia no meu cora\u00e7\u00e3o<\/p>\n","protected":false},"author":1,"featured_media":0,"comment_status":"open","ping_status":"open","sticky":false,"template":"","format":"standard","meta":{"footnotes":""},"categories":[41],"tags":[],"class_list":["post-16433","post","type-post","status-publish","format-standard","hentry","category-eucaristia"],"_links":{"self":[{"href":"https:\/\/sites.ecclesia.pt\/cv\/wp-json\/wp\/v2\/posts\/16433","targetHints":{"allow":["GET"]}}],"collection":[{"href":"https:\/\/sites.ecclesia.pt\/cv\/wp-json\/wp\/v2\/posts"}],"about":[{"href":"https:\/\/sites.ecclesia.pt\/cv\/wp-json\/wp\/v2\/types\/post"}],"author":[{"embeddable":true,"href":"https:\/\/sites.ecclesia.pt\/cv\/wp-json\/wp\/v2\/users\/1"}],"replies":[{"embeddable":true,"href":"https:\/\/sites.ecclesia.pt\/cv\/wp-json\/wp\/v2\/comments?post=16433"}],"version-history":[{"count":0,"href":"https:\/\/sites.ecclesia.pt\/cv\/wp-json\/wp\/v2\/posts\/16433\/revisions"}],"wp:attachment":[{"href":"https:\/\/sites.ecclesia.pt\/cv\/wp-json\/wp\/v2\/media?parent=16433"}],"wp:term":[{"taxonomy":"category","embeddable":true,"href":"https:\/\/sites.ecclesia.pt\/cv\/wp-json\/wp\/v2\/categories?post=16433"},{"taxonomy":"post_tag","embeddable":true,"href":"https:\/\/sites.ecclesia.pt\/cv\/wp-json\/wp\/v2\/tags?post=16433"}],"curies":[{"name":"wp","href":"https:\/\/api.w.org\/{rel}","templated":true}]}}