{"id":16434,"date":"2006-04-03T14:44:00","date_gmt":"2006-04-03T14:44:00","guid":{"rendered":"http:\/\/localhost:81\/wp1\/?p=16434"},"modified":"2006-04-03T14:44:00","modified_gmt":"2006-04-03T14:44:00","slug":"10-milhoes-de-estrelas-pela-paz","status":"publish","type":"post","link":"https:\/\/sites.ecclesia.pt\/cv\/10-milhoes-de-estrelas-pela-paz\/","title":{"rendered":"10 milh\u00f5es de Estrelas pela Paz"},"content":{"rendered":"<p>\u201cA paz \u00e9 poss\u00edvel se os homens quiserem\u201d \u2013 l\u00ea-se no folheto da C\u00e1ritas. Como fazer, ent\u00e3o, para que os homens queiram? O primeiro gesto pode ser acender uma vela pela Paz, no Canal Central, em Aveiro, na noite de 18 de Dezembro, ou em casa de cada fam\u00edlia, na noite de Natal. \u00c9 o que a C\u00e1ritas de Aveiro prop\u00f5e na iniciativa \u201c10 Milh\u00f5es de estrelas\u201d, em conjunto com a C\u00e1ritas Portuguesa.<\/p>\n<p>No dia 18 de Dezembro, este gesto pela paz come\u00e7a com uma concentra\u00e7\u00e3o na Pra\u00e7a da Rep\u00fablica, \u00e0s 20h30, tem o ponto alto no espect\u00e1culo luminoso no Canal Central e na Capitania e termina \u00e0s 21h30 com um concerto de Natal na Igreja da Vera Cruz, com a participa\u00e7\u00e3o dos coros Medievus e Graduale.<\/p>\n<p>No dia 24, \u00e0s 21h, todas as fam\u00edlias s\u00e3o convidadas a acender velas e a coloc\u00e1-las \u00e0 janela de suas casa ou na mesa da ceia. \u201cCabe \u00e0s pessoas de boa vontade, qualquer que seja a sua religi\u00e3o ou credo, lutar pela Paz\u201d, afirma a organiza\u00e7\u00e3o, que nesta iniciativa conta com o apoio da C\u00e2mara Municipal, da Pastoral Juvenil e dos Escuteiros.<\/p>\n<p>As velas est\u00e3o \u00e0 venda no Bazar de Natal (promovido para C\u00e2mara Municipal de Aveiro, na Pra\u00e7a Marqu\u00eas de Pombal, at\u00e9 22 de Dezembro), nas par\u00f3quias, na Caritas e no CAEIA de Esgueira.<\/p>\n<p>O produto da venda das velas para a noite de Natal e dos f\u00f3sforos para o dia 18 reverter\u00e1 para as crian\u00e7as do Haiti, v\u00edtimas das cheias, e para o Centro de Acolhi-mento e Emerg\u00eancia infantil.<\/p>\n<p>18 de Dezembro<\/p>\n<p>20h30 \u2013 Concentra\u00e7\u00e3o na Pra\u00e7a da Rep\u00fablica,<\/p>\n<p>21h00 \u2013 Espect\u00e1culo luminoso no Canal Central e Capitania<\/p>\n<p>21h30 \u2013 Concerto de Natal na Igreja da Vera Cruz<\/p>\n<p>24 de Dezembro<\/p>\n<p>21h00 \u2013 Acender uma vela e coloc\u00e1-la \u00e0 janela ou na mesa da Ceia de Natal<\/p>\n","protected":false},"excerpt":{"rendered":"<p>\u201cA paz \u00e9 poss\u00edvel se os homens quiserem\u201d \u2013 l\u00ea-se no folheto da C\u00e1ritas. Como fazer, ent\u00e3o, para que os homens queiram? O primeiro gesto pode ser acender uma vela pela Paz, no Canal Central, em Aveiro, na noite de 18 de Dezembro, ou em casa de cada fam\u00edlia, na noite de Natal. \u00c9 o [&hellip;]<\/p>\n","protected":false},"author":1,"featured_media":0,"comment_status":"open","ping_status":"open","sticky":false,"template":"","format":"standard","meta":{"footnotes":""},"categories":[70],"tags":[],"class_list":["post-16434","post","type-post","status-publish","format-standard","hentry","category-diocese"],"_links":{"self":[{"href":"https:\/\/sites.ecclesia.pt\/cv\/wp-json\/wp\/v2\/posts\/16434","targetHints":{"allow":["GET"]}}],"collection":[{"href":"https:\/\/sites.ecclesia.pt\/cv\/wp-json\/wp\/v2\/posts"}],"about":[{"href":"https:\/\/sites.ecclesia.pt\/cv\/wp-json\/wp\/v2\/types\/post"}],"author":[{"embeddable":true,"href":"https:\/\/sites.ecclesia.pt\/cv\/wp-json\/wp\/v2\/users\/1"}],"replies":[{"embeddable":true,"href":"https:\/\/sites.ecclesia.pt\/cv\/wp-json\/wp\/v2\/comments?post=16434"}],"version-history":[{"count":0,"href":"https:\/\/sites.ecclesia.pt\/cv\/wp-json\/wp\/v2\/posts\/16434\/revisions"}],"wp:attachment":[{"href":"https:\/\/sites.ecclesia.pt\/cv\/wp-json\/wp\/v2\/media?parent=16434"}],"wp:term":[{"taxonomy":"category","embeddable":true,"href":"https:\/\/sites.ecclesia.pt\/cv\/wp-json\/wp\/v2\/categories?post=16434"},{"taxonomy":"post_tag","embeddable":true,"href":"https:\/\/sites.ecclesia.pt\/cv\/wp-json\/wp\/v2\/tags?post=16434"}],"curies":[{"name":"wp","href":"https:\/\/api.w.org\/{rel}","templated":true}]}}