{"id":16436,"date":"2006-04-03T14:44:00","date_gmt":"2006-04-03T14:44:00","guid":{"rendered":"http:\/\/localhost:81\/wp1\/?p=16436"},"modified":"2006-04-03T14:44:00","modified_gmt":"2006-04-03T14:44:00","slug":"o-culto-a-eucaristia-fora-da-missa-2","status":"publish","type":"post","link":"https:\/\/sites.ecclesia.pt\/cv\/o-culto-a-eucaristia-fora-da-missa-2\/","title":{"rendered":"O Culto \u00e0 Eucaristia fora da Missa (2)"},"content":{"rendered":"<p>Notas Lit\u00fargicas <!--more--> B) Lugar da Reserva Eucar\u00edstica<\/p>\n<p>Pelo respeito que o Sant\u00edssimo Sacramento merece, deve guardar-se num lugar apropriado, destacado e apto, de modo que favore\u00e7a a adora\u00e7\u00e3o e a ora\u00e7\u00e3o dos fi\u00e9is.<\/p>\n<p>A reserva do Sant\u00edssimo guarda-se geralmente no sacr\u00e1rio da igreja ou orat\u00f3rio. A norma pede que haja um s\u00f3 sacr\u00e1rio em cada igreja para exprimir a unidade significada na Eucaristia. Torna-se inconceb\u00edvel que, numa mesma igreja, se guarde a Eucaristia em dois ou mais sacr\u00e1rios.<\/p>\n<p>Recomenda-se igualmente que o sacr\u00e1rio esteja na capela chamada do Sant\u00edssimo, separada da nave central da igreja. Esta capela deve ser um lugar apropriado para o sil\u00eancio e o recolhimento, para a ora\u00e7\u00e3o e adora\u00e7\u00e3o, devidamente adornada e decorada. Todas as igrejas deveriam ter a capela do Sant\u00edssimo, sobretudo as paroquiais. O Ritual da Dedica\u00e7\u00e3o das Igrejas d\u00e1 import\u00e2ncia a esta capela quando prev\u00ea o rito da inaugura\u00e7\u00e3o da mesma.<\/p>\n<p>Se n\u00e3o for poss\u00edvel realizar o que se disse, colocar-se-\u00e1 o sacr\u00e1rio, segundo a estrutura de cada igreja e os leg\u00edtimos costumes de cada lugar, num altar, ou fora dele, procurando que seja a parte mais nobre da igreja, bem ornamentada e vis\u00edvel aos fi\u00e9is.<\/p>\n<p>Nos \u00faltimos dec\u00e9nios, suscitou-se a pol\u00e9mica da coloca\u00e7\u00e3o do sacr\u00e1rio e houve uma evolu\u00e7\u00e3o em busca das solu\u00e7\u00f5es mais correctas. A arte, o espa\u00e7o arquitect\u00f3nico e a criatividade ofereceram e oferecem muitas possibilidades de solu\u00e7\u00f5es: umas podem-se considerar acertadas, enquanto que outras devem ser consideradas inadequadas ou inaceit\u00e1veis.<\/p>\n<p>Entre as solu\u00e7\u00f5es n\u00e3o correctas podem-se contar: os sacr\u00e1rios incrustados no altar de uma forma est\u00e1vel ou accionados mecanicamente no momento da celebra\u00e7\u00e3o; sacr\u00e1rios postos diante do altar ou separados dele sobre uma coluna mais baixa que o altar, ou em cima de uma mesa colocada diante do mesmo a um nivel inferior, duplicando assim o altar; ou, finalmente, sacr\u00e1rios colocados de tal forma que a cadeira presidencial fica colocada \u00e0 sua frente.<\/p>\n<p>A solu\u00e7\u00e3o correcta e normal \u00e9 que o sacr\u00e1rio esteja na capela do Sant\u00edssimo; \u00e9 tamb\u00e9m aceit\u00e1vel que esteja num altar da igreja ou, a juizo do Bispo diocesano, num lugar sem altar. As solu\u00e7\u00f5es positivas hoje s\u00e3o muito mais que as negativas e v\u00e3o-se consolidando, fundamentando-se nos princ\u00edpios teol\u00f3gico-lit\u00fargicos.<\/p>\n<p>A flexibilidade da norma permite estudar a melhor solu\u00e7\u00e3o para cada caso, consultando-se os peritos na liturgia e arte, sobretudo quando se trata da constru\u00e7\u00e3o de novas igrejas ou da restaura\u00e7\u00e3o das existentes.<\/p>\n<p>C) Material e seguran\u00e7a do sacr\u00e1rio<\/p>\n<p>A norma, al\u00e9m do lugar, indica que o sacr\u00e1rio deve ser inamov\u00edvel e feito de mat\u00e9ria s\u00f3lida e n\u00e3o transparente; e recomenda a m\u00e1xima seguran\u00e7a para evitar o perigo de poss\u00edveis roubos e profana\u00e7\u00f5es (cf. EM 52, 54; RCCE 10; CIC c\u00e2n. 983, \u00a7 3).<\/p>\n<p>Se se suspeita de algum perigo de profana\u00e7\u00e3o durante a noite, para maior seguran\u00e7a, pode-se reservar o Sant\u00edssimo noutro lugar digno e seguro. O respons\u00e1vel da igreja deve velar que a chave fique devidamente acautelada, evitando que fique no sacr\u00e1rio ou perto dele ou sobre o altar, mas em lugar seguro.<\/p>\n<p>Tamb\u00e9m \u00e9 preciso evitar que o Sant\u00edssimo fique esquecido, devendo ser renovado em cada m\u00eas, evitando a humidade e que as formas se corrompam.<\/p>\n<p>D) Os sinais da presen\u00e7a do Sant\u00edssimo<\/p>\n<p>Segundo o costume, deve arder continuamente diante do sacr\u00e1rio uma l\u00e2mpada especial, que significa e honra a presen\u00e7a de Cristo. Se houver outras l\u00e2mpadas \u00e0 volta do sacr\u00e1rio, \u00e9 necess\u00e1rio que esta l\u00e2mpada se distinga claramente de todas as outras. Pelo seu simbolismo, aconselha-se que seja alimentada por azeite de oliveira ou cera.<\/p>\n<p>A presen\u00e7a da Sant\u00edssima Eucaristia no sacr\u00e1rio assinala-se tamb\u00e9m pelo uso do v\u00e9u, recordando o simbolismo da tenda montada pelo Senhor no meio de n\u00f3s.<\/p>\n<p>SDPL<\/p>\n","protected":false},"excerpt":{"rendered":"<p>Notas Lit\u00fargicas<\/p>\n","protected":false},"author":1,"featured_media":0,"comment_status":"open","ping_status":"open","sticky":false,"template":"","format":"standard","meta":{"footnotes":""},"categories":[59],"tags":[],"class_list":["post-16436","post","type-post","status-publish","format-standard","hentry","category-formacao"],"_links":{"self":[{"href":"https:\/\/sites.ecclesia.pt\/cv\/wp-json\/wp\/v2\/posts\/16436","targetHints":{"allow":["GET"]}}],"collection":[{"href":"https:\/\/sites.ecclesia.pt\/cv\/wp-json\/wp\/v2\/posts"}],"about":[{"href":"https:\/\/sites.ecclesia.pt\/cv\/wp-json\/wp\/v2\/types\/post"}],"author":[{"embeddable":true,"href":"https:\/\/sites.ecclesia.pt\/cv\/wp-json\/wp\/v2\/users\/1"}],"replies":[{"embeddable":true,"href":"https:\/\/sites.ecclesia.pt\/cv\/wp-json\/wp\/v2\/comments?post=16436"}],"version-history":[{"count":0,"href":"https:\/\/sites.ecclesia.pt\/cv\/wp-json\/wp\/v2\/posts\/16436\/revisions"}],"wp:attachment":[{"href":"https:\/\/sites.ecclesia.pt\/cv\/wp-json\/wp\/v2\/media?parent=16436"}],"wp:term":[{"taxonomy":"category","embeddable":true,"href":"https:\/\/sites.ecclesia.pt\/cv\/wp-json\/wp\/v2\/categories?post=16436"},{"taxonomy":"post_tag","embeddable":true,"href":"https:\/\/sites.ecclesia.pt\/cv\/wp-json\/wp\/v2\/tags?post=16436"}],"curies":[{"name":"wp","href":"https:\/\/api.w.org\/{rel}","templated":true}]}}