{"id":16454,"date":"2006-04-03T14:44:00","date_gmt":"2006-04-03T14:44:00","guid":{"rendered":"http:\/\/localhost:81\/wp1\/?p=16454"},"modified":"2006-04-03T14:44:00","modified_gmt":"2006-04-03T14:44:00","slug":"primeiro-anuncio-uma-forma","status":"publish","type":"post","link":"https:\/\/sites.ecclesia.pt\/cv\/primeiro-anuncio-uma-forma\/","title":{"rendered":"Primeiro an\u00fancio &#8211; uma forma"},"content":{"rendered":"<p>Alpha <!--more--> Constatamos, de h\u00e1 muito, que grande parte dos nossos crist\u00e3os foram baptizados, mas n\u00e3o evangelizados. Os respons\u00e1veis paroquiais verificam continuamente esta realidade, quando lhes chegam paroquianos a pedirem os Sacramentos &#8211; Baptismo e Matrim\u00f3nio, sobretudo &#8211; mas sem disponibilidade nem convic\u00e7\u00e3o para aceitar crit\u00e9rios de vida evang\u00e9licos.<\/p>\n<p>Em Carta Pastoral de 1996, para o tri\u00e9nio de prepara\u00e7\u00e3o do Jubileu 2000, a Confer\u00eancia Episcopal Portuguesa escrevia: Quem tiver um conhecimento apenas do Jesus hist\u00f3rico e nunca se tiver encontrado com Jesus ressuscitado nunca perceber\u00e1 a f\u00e9 da Igreja e a rela\u00e7\u00e3o desta com Jesus Cristo.<\/p>\n<p>Esta \u00e9 a quest\u00e3o da (re) evangeliza\u00e7\u00e3o, de todos os tempos; certamente mais aguda nos nossos dias, marcados pela indiferen\u00e7a, pelo pluralismo, pelo materialismo. Imp\u00f5e-se um primeiro an\u00fancio verdadeiramente interpelante; \u00e9 necess\u00e1rio reinventar as formas do kerigma. O Curso ALPHA \u00e9 uma dessas formas.<\/p>\n<p>1 &#8211; O nome &#8211; ALPHA<\/p>\n<p>Aqueles que est\u00e3o interessados em saber mais sobre a f\u00e9.<\/p>\n<p>Lugar de escuta e partilha.<\/p>\n<p>Petiscos variados! Uma refei\u00e7\u00e3o em conjunto ajuda a fortalecer as rela\u00e7\u00f5es.<\/p>\n<p>Humor e palestras. \u00c9 poss\u00edvel aprender coisas profundas sobre a f\u00e9, na alegria e no bom humor.<\/p>\n<p>Ajudar-se mutuamente. ALPHA levanta as quest\u00f5es mais diversas e ajuda a responder.<\/p>\n<p>2 &#8211; O que \u00e9 o Curso ALPHA<\/p>\n<p>Alpha \u00e9 um curso de dez semanas de introdu\u00e7\u00e3o pr\u00e1tica \u00e0s bases da f\u00e9 crist\u00e3. Os participantes encontram-se uma vez por semana e passam juntos um fim de semana de retiro, a meio do curso. A f\u00f3rmula deste curso est\u00e1 perfeitamente definida, depois de ter sido rodada e melhorada ao longo dos anos. Um ser\u00e3o Alpha come\u00e7a por uma refei\u00e7\u00e3o simples (cerca de 30 minutos), seguida de uma exposi\u00e7\u00e3o de cerca de 45 minutos. Os participantes repartem-se depois em grupos de 8-12 pessoas, para discutir a exposi\u00e7\u00e3o e as quest\u00f5es que ela suscita (40 minutos). O curso foi criado e montado por Holy Trinity Brompton, uma par\u00f3quia anglicana de Londres.<\/p>\n<p>O Curso Alpha conheceu uma expans\u00e3o extraordin\u00e1ria no mundo crist\u00e3o, h\u00e1 uns 10-12 anos a esta parte, em par-ticular na Igreja cat\u00f3lica. Alpha est\u00e1 espalhado em cerca de sessenta pa\u00edses, onde mais de 11.000 cursos foram realizados, dos quais muitas centenas em par\u00f3quias cat\u00f3licas. Mais de 2 milh\u00f5es de pessoas, no mundo, j\u00e1 seguiram este curso; e um grande n\u00famero testemunha hoje, na Igreja, a sua profunda convers\u00e3o.<\/p>\n<p>3 &#8211; A quem se destina<\/p>\n<p>O Curso ALPHA \u00e9 destinado principalmente \u00e0queles que n\u00e3o t\u00eam f\u00e9 crist\u00e3 ou que t\u00eam dela uma experi\u00eancia muito limitada: n\u00e3o baptizados, n\u00e3o praticantes. Mas h\u00e1 muitos praticantes que, quando nele participam, renovam a sua f\u00e9 e, diante da novidade que experimentam, afirmam parecer-lhes que, antes, n\u00e3o tinham f\u00e9. O enraizamento do curso na vida paroquial permite, \u00e0queles que descobrem a f\u00e9 em Cristo, ou que voltam a ela, continuarem o seu caminho espiritual no seio da comunidade paroquial.<\/p>\n<p>H\u00e1 alguns anos, o Secretariado Nacional da Educa\u00e7\u00e3o Crist\u00e3, em Encontro Nacional de Respons\u00e1veis de Catequese de Adultos, deu a conhecer este Curso. Posteriormente colaborou na organiza\u00e7\u00e3o de um curso nacional, para sensibiliza\u00e7\u00e3o. Da primeira iniciativa resultou uma pequena publica\u00e7\u00e3o, da qual se extra\u00edram, quase textualmente, as informa\u00e7\u00f5es aqui transmitidas. (Primeiro An\u00fancio, Ed. SNEC).<\/p>\n<p>Q.S.<\/p>\n","protected":false},"excerpt":{"rendered":"<p>Alpha<\/p>\n","protected":false},"author":1,"featured_media":0,"comment_status":"open","ping_status":"open","sticky":false,"template":"","format":"standard","meta":{"footnotes":""},"categories":[44],"tags":[],"class_list":["post-16454","post","type-post","status-publish","format-standard","hentry","category-igreja"],"_links":{"self":[{"href":"https:\/\/sites.ecclesia.pt\/cv\/wp-json\/wp\/v2\/posts\/16454","targetHints":{"allow":["GET"]}}],"collection":[{"href":"https:\/\/sites.ecclesia.pt\/cv\/wp-json\/wp\/v2\/posts"}],"about":[{"href":"https:\/\/sites.ecclesia.pt\/cv\/wp-json\/wp\/v2\/types\/post"}],"author":[{"embeddable":true,"href":"https:\/\/sites.ecclesia.pt\/cv\/wp-json\/wp\/v2\/users\/1"}],"replies":[{"embeddable":true,"href":"https:\/\/sites.ecclesia.pt\/cv\/wp-json\/wp\/v2\/comments?post=16454"}],"version-history":[{"count":0,"href":"https:\/\/sites.ecclesia.pt\/cv\/wp-json\/wp\/v2\/posts\/16454\/revisions"}],"wp:attachment":[{"href":"https:\/\/sites.ecclesia.pt\/cv\/wp-json\/wp\/v2\/media?parent=16454"}],"wp:term":[{"taxonomy":"category","embeddable":true,"href":"https:\/\/sites.ecclesia.pt\/cv\/wp-json\/wp\/v2\/categories?post=16454"},{"taxonomy":"post_tag","embeddable":true,"href":"https:\/\/sites.ecclesia.pt\/cv\/wp-json\/wp\/v2\/tags?post=16454"}],"curies":[{"name":"wp","href":"https:\/\/api.w.org\/{rel}","templated":true}]}}