{"id":16455,"date":"2006-04-03T14:44:00","date_gmt":"2006-04-03T14:44:00","guid":{"rendered":"http:\/\/localhost:81\/wp1\/?p=16455"},"modified":"2006-04-03T14:44:00","modified_gmt":"2006-04-03T14:44:00","slug":"pastoral-das-migracoes-abre-espaco-de-atendimento","status":"publish","type":"post","link":"https:\/\/sites.ecclesia.pt\/cv\/pastoral-das-migracoes-abre-espaco-de-atendimento\/","title":{"rendered":"Pastoral das Migra\u00e7\u00f5es abre espa\u00e7o de atendimento"},"content":{"rendered":"<p>A partir de Janeiro de 2005, no Centro Pastoral (Rua Jos\u00e9 Est\u00eav\u00e3o, 50), haver\u00e1 um espa\u00e7o de atendimento aos migrantes e seus problemas. Funcionar\u00e1 todas as segundas-feiras, das 16h30 \u00e0s 19 horas. Os casos recebidos neste espa\u00e7o ser\u00e3o tratados, acompanhados ou encaminhados para os organismos competentes. Este \u00e9 um dos principais pontos da proposta de trabalho para 2005 da equipa da Pastoral das Migra\u00e7\u00f5es. <\/p>\n<p>O servi\u00e7o pastoral da diocese para os e\/imigrantes \u00e9 liderado pelo di\u00e1cono Reinaldo Castanheira Neves Barnab\u00e9 e constitu\u00eddo por mais seis elementos que \u201crepresentam v\u00e1rias sensibilidades e com experi\u00eancia de vida na emigra\u00e7\u00e3o\u201d, conforme referiu Reinaldo Barnab\u00e9 ao Correio do Vouga. Adriano Martins e Maria Teixeira foram emigrantes em Fran\u00e7a durante cerca de 20 anos. Rui Sousa \u00e9 advogado, Carlos Pinto Reis \u00e9 agente da GNR e Maria do Carmo Delgado \u00e9 professora do Ensino B\u00e1sico. A equipa \u00e9 ainda constitu\u00edda por Maria do Carmo, esposa do di\u00e1cono Reinaldo Barnab\u00e9.<\/p>\n<p>Do plano de actividades, apresentado no in\u00edcio de Dezembro ao Bispo da diocese, constam, entre outros, pontos como \u201ccriar n\u00facleos nos arciprestados, de modo a fazer-se uma maior divulga\u00e7\u00e3o dos problemas dos migrantes; usar a imprensa e a r\u00e1dio para sensibiliza\u00e7\u00e3o social; recensear os migrantes por arciprestados; e colaborar com outros secretariados, institutos estatais e pessoas vocacionadas para esta problem\u00e1tica\u201d.<\/p>\n","protected":false},"excerpt":{"rendered":"<p>A partir de Janeiro de 2005, no Centro Pastoral (Rua Jos\u00e9 Est\u00eav\u00e3o, 50), haver\u00e1 um espa\u00e7o de atendimento aos migrantes e seus problemas. Funcionar\u00e1 todas as segundas-feiras, das 16h30 \u00e0s 19 horas. Os casos recebidos neste espa\u00e7o ser\u00e3o tratados, acompanhados ou encaminhados para os organismos competentes. Este \u00e9 um dos principais pontos da proposta de [&hellip;]<\/p>\n","protected":false},"author":1,"featured_media":0,"comment_status":"open","ping_status":"open","sticky":false,"template":"","format":"standard","meta":{"footnotes":""},"categories":[70],"tags":[],"class_list":["post-16455","post","type-post","status-publish","format-standard","hentry","category-diocese"],"_links":{"self":[{"href":"https:\/\/sites.ecclesia.pt\/cv\/wp-json\/wp\/v2\/posts\/16455","targetHints":{"allow":["GET"]}}],"collection":[{"href":"https:\/\/sites.ecclesia.pt\/cv\/wp-json\/wp\/v2\/posts"}],"about":[{"href":"https:\/\/sites.ecclesia.pt\/cv\/wp-json\/wp\/v2\/types\/post"}],"author":[{"embeddable":true,"href":"https:\/\/sites.ecclesia.pt\/cv\/wp-json\/wp\/v2\/users\/1"}],"replies":[{"embeddable":true,"href":"https:\/\/sites.ecclesia.pt\/cv\/wp-json\/wp\/v2\/comments?post=16455"}],"version-history":[{"count":0,"href":"https:\/\/sites.ecclesia.pt\/cv\/wp-json\/wp\/v2\/posts\/16455\/revisions"}],"wp:attachment":[{"href":"https:\/\/sites.ecclesia.pt\/cv\/wp-json\/wp\/v2\/media?parent=16455"}],"wp:term":[{"taxonomy":"category","embeddable":true,"href":"https:\/\/sites.ecclesia.pt\/cv\/wp-json\/wp\/v2\/categories?post=16455"},{"taxonomy":"post_tag","embeddable":true,"href":"https:\/\/sites.ecclesia.pt\/cv\/wp-json\/wp\/v2\/tags?post=16455"}],"curies":[{"name":"wp","href":"https:\/\/api.w.org\/{rel}","templated":true}]}}