{"id":16477,"date":"2006-04-03T14:44:00","date_gmt":"2006-04-03T14:44:00","guid":{"rendered":"http:\/\/localhost:81\/wp1\/?p=16477"},"modified":"2006-04-03T14:44:00","modified_gmt":"2006-04-03T14:44:00","slug":"o-culto-a-eucaristia-fora-da-missa-4","status":"publish","type":"post","link":"https:\/\/sites.ecclesia.pt\/cv\/o-culto-a-eucaristia-fora-da-missa-4\/","title":{"rendered":"O culto \u00e0 Eucaristia fora da Missa (4)"},"content":{"rendered":"<p>Notas Lit\u00fargicas <!--more--> B) O ministro da exposi\u00e7\u00e3o, b\u00ean\u00e7\u00e3o e reserva do Sant\u00edssimo<\/p>\n<p>O ministro ordin\u00e1rio da exposi\u00e7\u00e3o do Sant\u00edssimo Sacramento \u00e9 o sacerdote ou o di\u00e1cono, que concluem a adora\u00e7\u00e3o, antes da reserva, com a b\u00ean\u00e7\u00e3o ao povo com o mesmo Sacramento.<\/p>\n<p>Na aus\u00eancia do sacerdote ou di\u00e1cono, ou legitimamente impedidos, podem expor publicamente o Sant\u00edssimo Sacramento \u00e0 adora\u00e7\u00e3o dos fi\u00e9is e reserv\u00e1-lo os ministros extraordin\u00e1rios, a saber: o ac\u00f3lito institu\u00eddo, o ministro extraordin\u00e1rio da comunh\u00e3o, algum membro das comunidades religiosas, com a permiss\u00e3o do Bispo diocesano, e algum membro de associa\u00e7\u00f5es piedosas de fi\u00e9is leigos, homens ou mulheres, dedicadas \u00e0 adora\u00e7\u00e3o eucar\u00edstica, com a autoriza\u00e7\u00e3o do Bispo diocesano.<\/p>\n<p>Todos estes podem fazer a exposi\u00e7\u00e3o: abrindo somente o sacr\u00e1rio; ou, se se entender oportuno, colocando a p\u00edxide sobre o altar; ou colocando a sagrada h\u00f3stia na cust\u00f3dia que se coloca sobre o altar ou no trono ou no baldaquino.<\/p>\n<p>C) Modalidades<\/p>\n<p>O Ritual oferece duas modalidades para expor o Sant\u00edssimo Sacramento: a forma breve e a forma longa.<\/p>\n<p>A exposi\u00e7\u00e3o breve consiste em expor o Sant\u00edssimo abrindo somente o sacr\u00e1rio ou colocando a p\u00edxide sobre o altar para que os fi\u00e9is o adorem com f\u00e9 e rever\u00eancia. A ora\u00e7\u00e3o de adora\u00e7\u00e3o deve ordenar-se de tal maneira que antes da b\u00ean\u00e7\u00e3o ou reserva se dedique um tempo \u00e0 leitura, n\u00e3o faltem nem os c\u00e2nticos eucar\u00edsticos nem as preces, sem esquecer os momentos de sil\u00eancio. O esp\u00edrito da exposi\u00e7\u00e3o e a normativa pro\u00edbem expor o Sant\u00edssimo para dar somente a b\u00ean\u00e7\u00e3o.<\/p>\n<p>A exposi\u00e7\u00e3o prolongada consiste em expor \u00e0 adora\u00e7\u00e3o dos fi\u00e9is por um tempo longo o Sant\u00edssimo, colocando a p\u00edxide sobre o altar ou a cust\u00f3dia no baldaquino ou sobre o altar.<\/p>\n<p>Recomenda-se que se fa\u00e7a a exposi\u00e7\u00e3o prolongada no dia do Corpo e Sangue de Cristo, e nas igrejas em que se reserva habitualmente a Eucaristia, e se fa\u00e7a cada ano a exposi\u00e7\u00e3o solene do Sant\u00edssimo Sacramento para que a comunidade local possa meditar e adorar o mist\u00e9rio eucar\u00edstico. O Bispo diocesano, em caso de necessidade grave ou geral, pode ordenar que nas igrejas mais frequentadas pelos fi\u00e9is se fa\u00e7am preces diante do Sant\u00edssimo Sacramento exposto durante um tempo prolongado.<\/p>\n<p>\u00c0s comunidades religiosas ou associa\u00e7\u00f5es eucar\u00edsticas laicais que, no textos das suas constitui\u00e7\u00f5es ou estatutos t\u00eam prescrita a adora\u00e7\u00e3o perp\u00e9tua ou prolongada por longo tempo, recomenda-se com empenho que organizem o tempo da mesma segundo o esp\u00edrito da liturgia, de forma que se fa\u00e7am leituras, c\u00e2nticos, preces e se guarde o sil\u00eancio no seu devido momento, quando se celebra comunitariamente. Desta maneira se promove a unidade e fraternidade, se aprofunda no mist\u00e9rio da Eucaristia e se roga pelas necessidades de todo o mundo.<\/p>\n<p>Quando falta um n\u00famero razo\u00e1vel de adoradores e n\u00e3o se pode ter a exposi\u00e7\u00e3o cont\u00ednua, \u00e9 permitido reservar o Sant\u00edssimo Sacramento no sacr\u00e1rio de um modo simples, mas n\u00e3o mais de duas vezes ao dia. Do mesmo modo, \u00e0 hora em que haja adoradores, faz-se de novo a exposi\u00e7\u00e3o.<\/p>\n<p>Por outro lado, insiste-se em conservar aquela forma de adora\u00e7\u00e3o eucar\u00edstica na qual os membros da comunidade religiosa ou de associa\u00e7\u00f5es eucar\u00edsticas se v\u00e3o revesando de um em um ou de dois em dois. Desta forma, adoram e rogam a Cristo no Sacramento em nome de toda a comunidade ou associa\u00e7\u00e3o e de toda a Igreja.<\/p>\n<p>D) Limites<\/p>\n<p>Enquanto se celebra a missa pro\u00edbe-se que o Sant\u00edssimo esteja exposto na mesma igreja ou orat\u00f3rio. A celebra\u00e7\u00e3o do mist\u00e9rio eucar\u00edstico inclui de uma maneira mais perfeita aquela comunh\u00e3o interna a que se pretende chegar aos fi\u00e9is com a exposi\u00e7\u00e3o.<\/p>\n<p>Deve procurar-se que os sinais externos do culto ao Sant\u00edssimo Sacramento se relacionem com a missa. N\u00e3o suceda que na exposi\u00e7\u00e3o haja mais flores e velas que na missa, favorecendo uma desorienta\u00e7\u00e3o no povo crist\u00e3o que pelos sinais externos da ornamenta\u00e7\u00e3o do altar possa pensar que a exposi\u00e7\u00e3o \u00e9 mais importante que a celebra\u00e7\u00e3o da Eucaristia. Na ornamenta\u00e7\u00e3o dever\u00e1 evitar-se cuidadosamente tudo o que possa obscurecer o desejo de Cristo, que instituiu a Eucaristia como memorial da sua P\u00e1scoa e como alimento.\t<\/p>\n<p>SDPL<\/p>\n","protected":false},"excerpt":{"rendered":"<p>Notas Lit\u00fargicas<\/p>\n","protected":false},"author":1,"featured_media":0,"comment_status":"open","ping_status":"open","sticky":false,"template":"","format":"standard","meta":{"footnotes":""},"categories":[59],"tags":[],"class_list":["post-16477","post","type-post","status-publish","format-standard","hentry","category-formacao"],"_links":{"self":[{"href":"https:\/\/sites.ecclesia.pt\/cv\/wp-json\/wp\/v2\/posts\/16477","targetHints":{"allow":["GET"]}}],"collection":[{"href":"https:\/\/sites.ecclesia.pt\/cv\/wp-json\/wp\/v2\/posts"}],"about":[{"href":"https:\/\/sites.ecclesia.pt\/cv\/wp-json\/wp\/v2\/types\/post"}],"author":[{"embeddable":true,"href":"https:\/\/sites.ecclesia.pt\/cv\/wp-json\/wp\/v2\/users\/1"}],"replies":[{"embeddable":true,"href":"https:\/\/sites.ecclesia.pt\/cv\/wp-json\/wp\/v2\/comments?post=16477"}],"version-history":[{"count":0,"href":"https:\/\/sites.ecclesia.pt\/cv\/wp-json\/wp\/v2\/posts\/16477\/revisions"}],"wp:attachment":[{"href":"https:\/\/sites.ecclesia.pt\/cv\/wp-json\/wp\/v2\/media?parent=16477"}],"wp:term":[{"taxonomy":"category","embeddable":true,"href":"https:\/\/sites.ecclesia.pt\/cv\/wp-json\/wp\/v2\/categories?post=16477"},{"taxonomy":"post_tag","embeddable":true,"href":"https:\/\/sites.ecclesia.pt\/cv\/wp-json\/wp\/v2\/tags?post=16477"}],"curies":[{"name":"wp","href":"https:\/\/api.w.org\/{rel}","templated":true}]}}