{"id":16479,"date":"2006-04-03T14:44:00","date_gmt":"2006-04-03T14:44:00","guid":{"rendered":"http:\/\/localhost:81\/wp1\/?p=16479"},"modified":"2006-04-03T14:44:00","modified_gmt":"2006-04-03T14:44:00","slug":"morte-violenta-de-pelo-menos-15-missionarios-catolicos","status":"publish","type":"post","link":"https:\/\/sites.ecclesia.pt\/cv\/morte-violenta-de-pelo-menos-15-missionarios-catolicos\/","title":{"rendered":"Morte violenta de pelo menos 15 mission\u00e1rios cat\u00f3licos"},"content":{"rendered":"<p>M\u00e1rtires do ano que passou <!--more--> Assassinados por salteadores ou com deliberada inten\u00e7\u00e3o de elimin\u00e1-los, 15 mission\u00e1rios &#8211; sacerdotes, religiosos e leigos &#8211; perderam a vida no ano passado, sem abandonar o seu compromisso de testemunho e apostolado, segundo os dados divulgados pela congrega\u00e7\u00e3o vaticana para a Evangeliza\u00e7\u00e3o dos Povos.<\/p>\n<p>A \u00c1frica regista o maior n\u00famero de mortes: cinco sacerdotes, um religioso e uma religiosa. Nas Am\u00e9ricas morreram quatro sacerdotes. Na \u00c1sia morreram tr\u00eas jovens e um sacerdote. Pagaram \u201cum generoso tributo de sangue de muitos irm\u00e3os e irm\u00e3s para o crescimento da Igreja no mundo\u201d, tributo que \u201crara-mente chega \u00e0s p\u00e1ginas\u201d informativas, aponta o cardeal Crescenzio Sepe, prefeito da referida congrega\u00e7\u00e3o.<\/p>\n<p>De 63 anos de idade e origem espanhola, o irm\u00e3o Ignacio Garc\u00eda Alonso, do Instituto dos Irm\u00e3os das Escolas Crist\u00e3s (de La Salle), morreu no dia 6 de Fevereiro a golpes de machado no seu escrit\u00f3rio de director do Col\u00e9gio que o Instituto tem em Bobo-Dioulasso, no Burkina Faso.<\/p>\n<p>Umas semanas depois, um mission\u00e1rio comboniano italiano de 76 anos teve destino semelhante. O padre Luciano Fulvi foi encontrado na manh\u00e3 de 31 de Mar\u00e7o na sua casa da miss\u00e3o de Layibi, nos arredores de Gulu (Uganda), degolado. Ocupava-se principalmente da educa\u00e7\u00e3o e da pastoral vocacional.<\/p>\n<p>Tinha apenas 19 anos o estudante paquistan\u00eas origi-n\u00e1rio de Quetta, Javed Anjum, quando faleceu em 2 de Maio passado no hospital de Faisalabad. Apresentava 26 feridas no seu corpo, provocadas por um professor e al-guns alunos de uma escola isl\u00e2mica que queriam conver-t\u00ea-lo ao islamismo.<\/p>\n<p>Preso por suposta blasf\u00e9mia em Agosto de 2003, outro jovem paquistan\u00eas, Samuel Masih, de 32 anos, morreu no hospital em 28 de Maio passado, nas m\u00e3os de uma pol\u00edcia mu\u00e7ulmana fundamentalista. Masih, enfermo de tuberculose, tamb\u00e9m tinha sofrido viol\u00eancia na pris\u00e3o.<\/p>\n<p>O seguinte assassinato registou-se em Cidade Juarez, no M\u00e9xico. Na sua resid\u00eancia perto da par\u00f3quia onde desen-volvia seu minist\u00e9rio, em 6 de Julho foi encontrado morto a punhaladas um sacerdote mexicano de 58 anos, o padre Ram\u00f3n Navarrete Islas. A investiga\u00e7\u00e3o apontou o roubo como motivo do crime.<\/p>\n<p>Aos servos de Maria (servitas) pertencia o padre Faustino Gazziero de Stefani, mission\u00e1rio italiano de 68 anos presente no Chile desde 1960. Foi ali, na catedral de Santiago, onde a 24 de Julho, ao acabar de celebrar a Missa, caiu apunhalado por um jovem pr\u00f3ximo de grupos sat\u00e2nicos.<\/p>\n<p>Muito comprometido na promo\u00e7\u00e3o e desenvolvimento social estava o sacerdote guatemalteco de 45 anos Eus\u00e9bio Manuel Sazo Urbina, p\u00e1roco do \u201cDivino Salvador do mundo\u201d, nos arredores de Cidade da Guatemala. A 31 de Julho, quando ia atender um doente, um homem atacou-o na rua, aparentemente para roubar, e disparou.<\/p>\n<p>A 16 de Agosto, outro cat\u00f3lico paquistan\u00eas, Nasir Masih, de 26 anos, era sequestrado de sua casa, a 45 quil\u00f3metros de Lahore, e preso \u00e0 for\u00e7a por um grupo de mu\u00e7ulmanos que o acusavam \u2013 falsamente \u2013 de roubo. No seu linchamento participaram pol\u00edcias.<\/p>\n<p>O Estado indiano de Kerala foi cen\u00e1rio da viol\u00eancia fundamentalista quando o padre Job Chittilappilly morreu apunhalado. Tinha 71 anos e h\u00e1 45 servia a comunidade cat\u00f3lica de rito siro-malabar. O seu corpo foi encontrado em 28 de Agosto em sua casa. O sacerdote estava a rezar o Ros\u00e1rio antes de celebrar a Missa. Tinha sido amea\u00e7ado por visitar fam\u00edlias hindus. Nelas era bem recebido, mas n\u00e3o levava a cabo actividade evangelizadora alguma.<\/p>\n<p>Na diocese sul-africana de De Aar foi encontrado morto em sua casa, junto \u00e0 Igreja de Santa Maria e S\u00e3o Jos\u00e9 em Colesberg, o sacerdote ingl\u00eas de 63 anos Gerard Fitzsimos, que se ocupava sobretudo de pobres e doentes de Sida.<\/p>\n<p>P\u00e1roco de Jilotlan (M\u00e9xico), Macrino N\u00e1jera Cisneros, de 42 anos, foi assassi-nado em 18 de Outubro durante a festa posterior \u00e0 celebra\u00e7\u00e3o de uma Missa de primeira comunh\u00e3o. O sacerdote de-fendeu uma jovem de 15 anos a quem molestava um indiv\u00edduo. Este voltou \u00e0 festa e disparou contra o p\u00e1roco, matando tamb\u00e9m outras duas pessoas.<\/p>\n<p>Vig\u00e1rio episcopal em Burundi, Gerard Nzeyimana, de 65 anos, morreu no dia 19 de Outubro. Alguns homens armados pararam o autom\u00f3vel em que viajava, comprovaram a identidade do sacerdote e assassinaram-no a tiros. O padre Nzeyimana era muito conhecido por causa do seu compromisso na promo\u00e7\u00e3o da paz e den\u00fancias de viol\u00eancia contra a popula\u00e7\u00e3o nos onze anos de guerra civil no pa\u00eds africano.<\/p>\n<p>Tamb\u00e9m foi brutalmente assassinado um mission\u00e1rio irland\u00eas de 65 anos, o padre John Francis Hannon, cujo corpo foi encontrado a 25 de Novembro no centro social em constru\u00e7\u00e3o na par\u00f3quia de St. Barnab\u00e1s em Matasia, perto de Nairobi.<\/p>\n<p>A B\u00f3snia-Herzeg\u00f3vina foi o cen\u00e1rio da \u00fanica morte violenta registada na Europa. Na noite de 17 para 18 de Novembro, o p\u00e1roco de Saint Roko, em Bosanska Gradiska \u2013 no norte do pa\u00eds, na diocese de Banja Luka \u2013 foi assassinado. O corpo do padre Kazimir Viseticki, de 66 anos, foi encontrado na casa anexa \u00e0 par\u00f3quia. Cr\u00ea-se que o roubo esteja na origem do crime.<\/p>\n<p>E em pleno natal perdeu a vida Irm\u00e3 Christiane Philipon, superiora-geral da Congrega\u00e7\u00e3o de Nossa Senhora dos Ap\u00f3stolos. A religiosa francesa de 58 anos foi assassinada na noite de 25 para 26 de Dezembro no Chade. Dirigia-se \u00e0 capital com outras tr\u00eas irm\u00e3s quando o autom\u00f3vel no qual viajavam foi assaltado por um grupo de bandidos. Alvejaram o ve\u00edculo. Morreu a irm\u00e3 Christiane e as outras religiosas ficaram feridas.<\/p>\n<p>Ag\u00eancia Zenit\/CV<\/p>\n","protected":false},"excerpt":{"rendered":"<p>M\u00e1rtires do ano que passou<\/p>\n","protected":false},"author":1,"featured_media":0,"comment_status":"open","ping_status":"open","sticky":false,"template":"","format":"standard","meta":{"footnotes":""},"categories":[44],"tags":[],"class_list":["post-16479","post","type-post","status-publish","format-standard","hentry","category-igreja"],"_links":{"self":[{"href":"https:\/\/sites.ecclesia.pt\/cv\/wp-json\/wp\/v2\/posts\/16479","targetHints":{"allow":["GET"]}}],"collection":[{"href":"https:\/\/sites.ecclesia.pt\/cv\/wp-json\/wp\/v2\/posts"}],"about":[{"href":"https:\/\/sites.ecclesia.pt\/cv\/wp-json\/wp\/v2\/types\/post"}],"author":[{"embeddable":true,"href":"https:\/\/sites.ecclesia.pt\/cv\/wp-json\/wp\/v2\/users\/1"}],"replies":[{"embeddable":true,"href":"https:\/\/sites.ecclesia.pt\/cv\/wp-json\/wp\/v2\/comments?post=16479"}],"version-history":[{"count":0,"href":"https:\/\/sites.ecclesia.pt\/cv\/wp-json\/wp\/v2\/posts\/16479\/revisions"}],"wp:attachment":[{"href":"https:\/\/sites.ecclesia.pt\/cv\/wp-json\/wp\/v2\/media?parent=16479"}],"wp:term":[{"taxonomy":"category","embeddable":true,"href":"https:\/\/sites.ecclesia.pt\/cv\/wp-json\/wp\/v2\/categories?post=16479"},{"taxonomy":"post_tag","embeddable":true,"href":"https:\/\/sites.ecclesia.pt\/cv\/wp-json\/wp\/v2\/tags?post=16479"}],"curies":[{"name":"wp","href":"https:\/\/api.w.org\/{rel}","templated":true}]}}