{"id":16481,"date":"2006-04-03T14:44:00","date_gmt":"2006-04-03T14:44:00","guid":{"rendered":"http:\/\/localhost:81\/wp1\/?p=16481"},"modified":"2006-04-03T14:44:00","modified_gmt":"2006-04-03T14:44:00","slug":"tres-formas-diferentes-de-participacao","status":"publish","type":"post","link":"https:\/\/sites.ecclesia.pt\/cv\/tres-formas-diferentes-de-participacao\/","title":{"rendered":"Tr\u00eas formas diferentes de participa\u00e7\u00e3o"},"content":{"rendered":"<p>\u201cMaria de Lourdes Pintasilgo gostaria de aqui estar\u201d<\/p>\n<p>Helena Valentim, 36 anos, professora universit\u00e1ria em Lisboa, participou com um assessor de Jacques Chirac e outra portuguesa no \u201cworkshop\u201d \u201cFace \u00e0s crises internacionais e \u00e0 viol\u00eancia: compreender e agir para a Paz\u201d, com duzentos participantes: \u201cFalei de Maria de Lourdes Pintasilgo. Foi a primeira mulher chefe de Estado no nosso pa\u00eds e desempenhou fun\u00e7\u00f5es de grande responsabilidade na Uni\u00e3o Europeia e na ONU\u201d. Ultimamente, Pintasilgo estava empenhada na cria\u00e7\u00e3o de uma rede internacional para aprofundamento da condi\u00e7\u00e3o das mulheres na constru\u00e7\u00e3o europeia e na dinamiza\u00e7\u00e3o da funda\u00e7\u00e3o \u201cCuidar o Futuro\u201d, uma esp\u00e9cie de \u201claborat\u00f3rio de ideias\u201d para um futuro sustent\u00e1vel. Falecida em 10 de Julho passado, Pintasilgo era uma grande adepta de Taiz\u00e9. \u201cConheci a Maria de Lourdes quando eu era estudante e encontramo-nos v\u00e1rias vezes em Taiz\u00e9. Ela ficou muito entusiasmada quando soube que o encontro ia ser em Portugal. Gostaria de aqui estar\u201d, refere Helena Valentim.<\/p>\n<p>\u201cImpressionou-me a inter-ajuda dos jornalistas\u201d<\/p>\n<p>Rui Barnab\u00e9, de Albergaria-a-Velha, di\u00e1cono a ca-minho do presbiterado, respons\u00e1vel pela pastoral juvenil de Aveiro, participou no en-contro como volunt\u00e1rio no centro de imprensa. Atendia telefones, enviava e-mails, conduzia os jornalistas aos melhores locais de reportagem\u2026 \u201cDei apoio a jornalistas europeus que cobriam o encontro e impressionou-me a inter-ajuda dos jornalistas\u201d, refere o jovem di\u00e1cono. Reconhecendo que no meio jornal\u00edstico quase sempre impera a competi\u00e7\u00e3o e o \u201csalve-se quem puder\u201d, Rui Barnab\u00e9 real\u00e7a a partilha de materiais entre jornalistas, muitos deles vindos de Leste, sem grandes recursos ou equipamentos. Outro aspecto importante: \u201cNas coisas da Igreja nem sempre h\u00e1 transpar\u00eancia para a comunica\u00e7\u00e3o social. Neste encontro os jornalistas foram muito bem acolhidos e quisemos mostrar o mais poss\u00edvel\u201d.<\/p>\n<p>Apesar das responsabilidades do centro de imprensa, com mais volunt\u00e1rios russos, polacos, espanh\u00f3is, alem\u00e3es e portugueses, Rui Barnab\u00e9 p\u00f4de participar nos momentos mais fortes. \u201cO centro estava fechado durante as ora\u00e7\u00f5es [\u00e0s 13h15 e \u00e0s 19h30]\u201d.<\/p>\n<p>\u201cEles t\u00eam a porta aberta para voltar\u201d<\/p>\n<p>F\u00e1tima Pereira, 29 anos, paginadora de uma revista de TV, acolheu dois jovens polacos na sua casa, em Queluz. \u201cSabia o que era ser acolhida, porque participei nos encontros de Mil\u00e3o (1998) e de Budapeste (2001)\u201d. \u201cAo princ\u00edpio \u2013 conta F\u00e1tima Fereira \u2013 Radek, de 24 anos, e Marcin, de 22 anos, estavam receosos. Preparei a mesa para o jantar, mas n\u00e3o quiseram. Depois fui dar com eles a comerem bolos secos. Tive que os convencer a n\u00e3o fazerem cerim\u00f3nias\u201d. F\u00e1tima Pereira, que no meio dos afazeres profissionais conseguiu participar em tr\u00eas ora\u00e7\u00f5es e na vig\u00edlia da passagem de ano, ficou impressionada com os h\u00e1bitos de ora\u00e7\u00e3o dos jovens polacos e conversou muito sobre \u201cvis\u00f5es diferentes da igreja\u201d. As-pecto curioso foi o maravilhamento dos jovens polacos quando viram laranjeiras. \u201cNunca tinham visto laranjas nas \u00e1rvores. At\u00e9 tiraram fotografias!\u201d Deste encontro, F\u00e1tima sabe que ganhou amigos para toda a vida e tenciona visit\u00e1-los na Pol\u00f3nia. \u201cEles t\u00eam a porta aberta para voltar. Com a fam\u00edlia que me acolheu na Hungria, todos os anos troco pelo menos tr\u00eas postais\u201d.<\/p>\n<p>J.P.F.<\/p>\n","protected":false},"excerpt":{"rendered":"<p>\u201cMaria de Lourdes Pintasilgo gostaria de aqui estar\u201d Helena Valentim, 36 anos, professora universit\u00e1ria em Lisboa, participou com um assessor de Jacques Chirac e outra portuguesa no \u201cworkshop\u201d \u201cFace \u00e0s crises internacionais e \u00e0 viol\u00eancia: compreender e agir para a Paz\u201d, com duzentos participantes: \u201cFalei de Maria de Lourdes Pintasilgo. Foi a primeira mulher chefe [&hellip;]<\/p>\n","protected":false},"author":1,"featured_media":0,"comment_status":"open","ping_status":"open","sticky":false,"template":"","format":"standard","meta":{"footnotes":""},"categories":[61],"tags":[],"class_list":["post-16481","post","type-post","status-publish","format-standard","hentry","category-actualidade"],"_links":{"self":[{"href":"https:\/\/sites.ecclesia.pt\/cv\/wp-json\/wp\/v2\/posts\/16481","targetHints":{"allow":["GET"]}}],"collection":[{"href":"https:\/\/sites.ecclesia.pt\/cv\/wp-json\/wp\/v2\/posts"}],"about":[{"href":"https:\/\/sites.ecclesia.pt\/cv\/wp-json\/wp\/v2\/types\/post"}],"author":[{"embeddable":true,"href":"https:\/\/sites.ecclesia.pt\/cv\/wp-json\/wp\/v2\/users\/1"}],"replies":[{"embeddable":true,"href":"https:\/\/sites.ecclesia.pt\/cv\/wp-json\/wp\/v2\/comments?post=16481"}],"version-history":[{"count":0,"href":"https:\/\/sites.ecclesia.pt\/cv\/wp-json\/wp\/v2\/posts\/16481\/revisions"}],"wp:attachment":[{"href":"https:\/\/sites.ecclesia.pt\/cv\/wp-json\/wp\/v2\/media?parent=16481"}],"wp:term":[{"taxonomy":"category","embeddable":true,"href":"https:\/\/sites.ecclesia.pt\/cv\/wp-json\/wp\/v2\/categories?post=16481"},{"taxonomy":"post_tag","embeddable":true,"href":"https:\/\/sites.ecclesia.pt\/cv\/wp-json\/wp\/v2\/tags?post=16481"}],"curies":[{"name":"wp","href":"https:\/\/api.w.org\/{rel}","templated":true}]}}