{"id":16483,"date":"2006-04-03T14:44:00","date_gmt":"2006-04-03T14:44:00","guid":{"rendered":"http:\/\/localhost:81\/wp1\/?p=16483"},"modified":"2006-04-03T14:44:00","modified_gmt":"2006-04-03T14:44:00","slug":"aveiro-digital-atingiu-a-plena-dimensao","status":"publish","type":"post","link":"https:\/\/sites.ecclesia.pt\/cv\/aveiro-digital-atingiu-a-plena-dimensao\/","title":{"rendered":"Aveiro Digital atingiu a plena dimens\u00e3o"},"content":{"rendered":"<p>Com 78 projectos e 22 milh\u00f5es de euros <!--more--> Com 78 projectos em desenvolvimento, e um or\u00e7amento global da ordem dos 22 milh\u00f5es de euros, o Programa Aveiro Digital 2003 \u2013 2006 atingiu a sua capacidade plena.<\/p>\n<p>Em Dezembro, com a aprova\u00e7\u00e3o dos \u00faltimos 32 projectos, no programa Aveiro Digital 2003 \u2013 2006 ficam envolvidas 223 entidades e 559 pessoas. Est\u00e1 prevista a forma\u00e7\u00e3o de 19895 pessoas e a 24272 certifica\u00e7\u00f5es em compet\u00eancias b\u00e1sicas nas tecnologias de informa\u00e7\u00e3o e comunica\u00e7\u00e3o.<\/p>\n<p>Lusit\u00e2nia Fonseca, vereadora da C\u00e2mara Municipal de Aveiro e presidente da Comiss\u00e3o Executiva Aveiro Digital, sublinhou que o \u201cPrograma Aveiro Digital pretende ser uma alavanca para o desenvolvimento da \u00e1rea da Associa\u00e7\u00e3o dos Munic\u00edpios da Ria\u201d.<\/p>\n<p>Jaime Quesado, gestor do POSI (Programa Operacional para a Sociedade da Informa\u00e7\u00e3o) afirmou que o Programa Aveiro Digital \u201c\u00e9 muito ambicioso e emblem\u00e1tico ao n\u00edvel das cidades digitais\u201d, referindo que \u201ca sociedade do conhecimento pode ter um papel relevante no desenvolvimento do territ\u00f3rio\u201d.<\/p>\n<p>Os 32 novos projectos foram apresentados por um diversificado leque de entidades e cobrem um vasto sector de actividades, desde o turismo \u00e0 ac\u00e7\u00e3o social, passando pela cultura, ambiente, patrim\u00f3nio, sa\u00fade, entre outros sectores. <\/p>\n<p>Ainda no \u00e2mbito do Programa Aveiro Digital, no dia 20 de Dezembro abriram ao p\u00fablico mais quinze Espa\u00e7os Internet Aveiro Digital, sediados nas seguintes freguesias: Agad\u00e3o, Aguada de Cima, Fermentelos, Pr\u00e9stimo e Segad\u00e3es (concelho de \u00c1gueda), Nariz e S\u00e3o Jacinto (Concelho de Aveiro), Avanca e Fermel\u00e3 (Concelho de Estarreja), Bustos e Mamarrosa (concelho de Oliveira do Bairro), Maceda (concelho de Ovar), Paradela (concelho de Sever do Vouga), Ange\u00e3o e Cov\u00e3o do Lobo (concelho de Vagos). Ap\u00f3s a abertura des-tes centros, a rede de Espa\u00e7os Internet Aveiro Digital \u00e9 composta por 79 espa\u00e7os de freguesias e por onze espa\u00e7os municipais (um em cada sede dos onze munic\u00edpios que constituem a AMRia). <\/p>\n<p>Cada um destes novos espa\u00e7os internet est\u00e1 equipado com quatro computadores, uma impressora, um scanner e liga\u00e7\u00e3o \u00e0 internet em banda larga. A utiliza\u00e7\u00e3o dos servi\u00e7os e equipamentos \u00e9 gratuita e apoiada por um monitor.<\/p>\n<p>C. F.<\/p>\n","protected":false},"excerpt":{"rendered":"<p>Com 78 projectos e 22 milh\u00f5es de euros<\/p>\n","protected":false},"author":1,"featured_media":0,"comment_status":"open","ping_status":"open","sticky":false,"template":"","format":"standard","meta":{"footnotes":""},"categories":[63],"tags":[],"class_list":["post-16483","post","type-post","status-publish","format-standard","hentry","category-aveiro"],"_links":{"self":[{"href":"https:\/\/sites.ecclesia.pt\/cv\/wp-json\/wp\/v2\/posts\/16483","targetHints":{"allow":["GET"]}}],"collection":[{"href":"https:\/\/sites.ecclesia.pt\/cv\/wp-json\/wp\/v2\/posts"}],"about":[{"href":"https:\/\/sites.ecclesia.pt\/cv\/wp-json\/wp\/v2\/types\/post"}],"author":[{"embeddable":true,"href":"https:\/\/sites.ecclesia.pt\/cv\/wp-json\/wp\/v2\/users\/1"}],"replies":[{"embeddable":true,"href":"https:\/\/sites.ecclesia.pt\/cv\/wp-json\/wp\/v2\/comments?post=16483"}],"version-history":[{"count":0,"href":"https:\/\/sites.ecclesia.pt\/cv\/wp-json\/wp\/v2\/posts\/16483\/revisions"}],"wp:attachment":[{"href":"https:\/\/sites.ecclesia.pt\/cv\/wp-json\/wp\/v2\/media?parent=16483"}],"wp:term":[{"taxonomy":"category","embeddable":true,"href":"https:\/\/sites.ecclesia.pt\/cv\/wp-json\/wp\/v2\/categories?post=16483"},{"taxonomy":"post_tag","embeddable":true,"href":"https:\/\/sites.ecclesia.pt\/cv\/wp-json\/wp\/v2\/tags?post=16483"}],"curies":[{"name":"wp","href":"https:\/\/api.w.org\/{rel}","templated":true}]}}