{"id":16484,"date":"2006-04-03T14:44:00","date_gmt":"2006-04-03T14:44:00","guid":{"rendered":"http:\/\/localhost:81\/wp1\/?p=16484"},"modified":"2006-04-03T14:44:00","modified_gmt":"2006-04-03T14:44:00","slug":"rota-da-luz-no-programa-aveiro-digital","status":"publish","type":"post","link":"https:\/\/sites.ecclesia.pt\/cv\/rota-da-luz-no-programa-aveiro-digital\/","title":{"rendered":"Rota da Luz no Programa Aveiro Digital"},"content":{"rendered":"<p>Com o projecto &#8220;Tic &#038; Tu&#8221; <!--more--> Com um investimento superior a cento e sessenta mil euros, \u201cTic &#038; Tu\u201d consiste no desenvolvimento e na oferta de conte\u00fados e servi\u00e7os da Regi\u00e3o de Turismo<\/p>\n<p>No \u00e2mbito do Programa Aveiro Digital, foi recentemente aprovado o projecto \u201cTic &#038; Tu\u201d, apresentado pela Regi\u00e3o de Turismo da Rota da Luz , o qual cobre tecnologias de informa\u00e7\u00e3o e comunica\u00e7\u00e3o para disponibiliza\u00e7\u00e3o de servi\u00e7os na Regi\u00e3o.<\/p>\n<p>Francisco Encarna\u00e7\u00e3o Dias, presidente da Rota da Luz, sublinhou que \u201ca aprova\u00e7\u00e3o deste projecto, apesar dos custos assumidos, constitui um grande saldo qualitativo na presta\u00e7\u00e3o dos seus servi\u00e7os e na afirma\u00e7\u00e3o da pr\u00f3pria Rota da Luz ao servi\u00e7o do turismo\u201d. O projecto implica um investimento superior a cento e sessenta mil euros, dos quais cinquenta por cento s\u00e3o da responsabilidade da Rota da Luz..<\/p>\n<p>O \u201cTic &#038; Tu\u201d consiste no desenvolvimento e na implementa\u00e7\u00e3o de uma plataforma interactiva de disponibiliza\u00e7\u00e3o de conte\u00fados e servi\u00e7os na Regi\u00e3o de Turismo da Rota da Luz. Esta plataforma, cujo centro fica instalado na sede da institui\u00e7\u00e3o, em Aveiro, sustenta-se numa rede inform\u00e1tica que cobre toda a regi\u00e3o com ofertas tur\u00edsticas e servi\u00e7os segmentados.<\/p>\n<p>O projecto visa dotar a Rota da Luz de um sistema eficiente de tecnologias de informa\u00e7\u00e3o e comunica\u00e7\u00e3o ao servi\u00e7o do turismo, bem como permitir o acesso \u00e0 informa\u00e7\u00e3o permanentemente actualizada com vista a um melhor conhecimento da regi\u00e3o e dos servi\u00e7os que nela se podem encontrar.<\/p>\n<p>Dar a possibilidade aos diferentes p\u00fablicos de interagir com a plataforma, atrav\u00e9s de formul\u00e1rios pr\u00f3prios requerendo informa\u00e7\u00f5es e servi\u00e7os como reservas em hot\u00e9is, congressos, espect\u00e1culos, roteiros tur\u00edsticos, entre outros servi\u00e7os, \u00e9 outro dos objectivos do projecto, o qual visa ainda  permitir aos diferentes agentes da regi\u00e3o a disponibiliza\u00e7\u00e3o e actualiza\u00e7\u00e3o de conte\u00fados, e fornecer servi\u00e7os atrav\u00e9s de protocolos a estabelecer com a Regi\u00e3o de Turismo da Rota da Luz, que respeitam normas institucionais e t\u00e9cnicas.<\/p>\n","protected":false},"excerpt":{"rendered":"<p>Com o projecto &#8220;Tic &#038; Tu&#8221;<\/p>\n","protected":false},"author":1,"featured_media":0,"comment_status":"open","ping_status":"open","sticky":false,"template":"","format":"standard","meta":{"footnotes":""},"categories":[45],"tags":[],"class_list":["post-16484","post","type-post","status-publish","format-standard","hentry","category-regioes"],"_links":{"self":[{"href":"https:\/\/sites.ecclesia.pt\/cv\/wp-json\/wp\/v2\/posts\/16484","targetHints":{"allow":["GET"]}}],"collection":[{"href":"https:\/\/sites.ecclesia.pt\/cv\/wp-json\/wp\/v2\/posts"}],"about":[{"href":"https:\/\/sites.ecclesia.pt\/cv\/wp-json\/wp\/v2\/types\/post"}],"author":[{"embeddable":true,"href":"https:\/\/sites.ecclesia.pt\/cv\/wp-json\/wp\/v2\/users\/1"}],"replies":[{"embeddable":true,"href":"https:\/\/sites.ecclesia.pt\/cv\/wp-json\/wp\/v2\/comments?post=16484"}],"version-history":[{"count":0,"href":"https:\/\/sites.ecclesia.pt\/cv\/wp-json\/wp\/v2\/posts\/16484\/revisions"}],"wp:attachment":[{"href":"https:\/\/sites.ecclesia.pt\/cv\/wp-json\/wp\/v2\/media?parent=16484"}],"wp:term":[{"taxonomy":"category","embeddable":true,"href":"https:\/\/sites.ecclesia.pt\/cv\/wp-json\/wp\/v2\/categories?post=16484"},{"taxonomy":"post_tag","embeddable":true,"href":"https:\/\/sites.ecclesia.pt\/cv\/wp-json\/wp\/v2\/tags?post=16484"}],"curies":[{"name":"wp","href":"https:\/\/api.w.org\/{rel}","templated":true}]}}