{"id":16486,"date":"2006-04-03T14:44:00","date_gmt":"2006-04-03T14:44:00","guid":{"rendered":"http:\/\/localhost:81\/wp1\/?p=16486"},"modified":"2006-04-03T14:44:00","modified_gmt":"2006-04-03T14:44:00","slug":"rock-cristao-pelas-vitimas","status":"publish","type":"post","link":"https:\/\/sites.ecclesia.pt\/cv\/rock-cristao-pelas-vitimas\/","title":{"rendered":"Rock crist\u00e3o pelas v\u00edtimas"},"content":{"rendered":"<p>Trag\u00e9dia na \u00c1sia <!--more--> O grupo rock de inspira\u00e7\u00e3o crist\u00e3 Sonuvox, de Recard\u00e3es, e o grupo de teatro dos jovens da Trofa deram no domingo um espect\u00e1culo de recolha de fundos em favor da v\u00edtimas do Sudoeste Asi\u00e1tico. O sal\u00e3o do Cefas, \u00c1gueda, esteve \u201cpraticamente cheio\u201d, conforme referiu ao Correio do Vouga Francisco Cravo, di\u00e1cono e respons\u00e1vel pela pastoral juvenil de \u00c1gueda, que organizou a iniciativa. Guitarrista do grupo Sonuvox, Francisco Cravo informou que foram angariados cerca de 3000 euros \u201cdurante o concerto e a seguir \u00e0s missas, pois algumas pessoas souberam da iniciativa e quiseram ajudar, mesmo sem irem ao espect\u00e1culo\u201d. A quantia ser\u00e1 depositada na conta que a C\u00e1ritas abriu para o efeito.<\/p>\n","protected":false},"excerpt":{"rendered":"<p>Trag\u00e9dia na \u00c1sia<\/p>\n","protected":false},"author":1,"featured_media":0,"comment_status":"open","ping_status":"open","sticky":false,"template":"","format":"standard","meta":{"footnotes":""},"categories":[61],"tags":[],"class_list":["post-16486","post","type-post","status-publish","format-standard","hentry","category-actualidade"],"_links":{"self":[{"href":"https:\/\/sites.ecclesia.pt\/cv\/wp-json\/wp\/v2\/posts\/16486","targetHints":{"allow":["GET"]}}],"collection":[{"href":"https:\/\/sites.ecclesia.pt\/cv\/wp-json\/wp\/v2\/posts"}],"about":[{"href":"https:\/\/sites.ecclesia.pt\/cv\/wp-json\/wp\/v2\/types\/post"}],"author":[{"embeddable":true,"href":"https:\/\/sites.ecclesia.pt\/cv\/wp-json\/wp\/v2\/users\/1"}],"replies":[{"embeddable":true,"href":"https:\/\/sites.ecclesia.pt\/cv\/wp-json\/wp\/v2\/comments?post=16486"}],"version-history":[{"count":0,"href":"https:\/\/sites.ecclesia.pt\/cv\/wp-json\/wp\/v2\/posts\/16486\/revisions"}],"wp:attachment":[{"href":"https:\/\/sites.ecclesia.pt\/cv\/wp-json\/wp\/v2\/media?parent=16486"}],"wp:term":[{"taxonomy":"category","embeddable":true,"href":"https:\/\/sites.ecclesia.pt\/cv\/wp-json\/wp\/v2\/categories?post=16486"},{"taxonomy":"post_tag","embeddable":true,"href":"https:\/\/sites.ecclesia.pt\/cv\/wp-json\/wp\/v2\/tags?post=16486"}],"curies":[{"name":"wp","href":"https:\/\/api.w.org\/{rel}","templated":true}]}}