{"id":16487,"date":"2006-04-03T14:44:00","date_gmt":"2006-04-03T14:44:00","guid":{"rendered":"http:\/\/localhost:81\/wp1\/?p=16487"},"modified":"2006-04-03T14:44:00","modified_gmt":"2006-04-03T14:44:00","slug":"se-nao-sabe-consulte","status":"publish","type":"post","link":"https:\/\/sites.ecclesia.pt\/cv\/se-nao-sabe-consulte\/","title":{"rendered":"Se n\u00e3o sabe, consulte!"},"content":{"rendered":"<p>Enciclop\u00e9dia Cat\u00f3lica Popular <!--more--> Muito \u00fatil para catequistas, membros de movimentos cat\u00f3licos e cl\u00e9rigos preocupados com a sua actualiza\u00e7\u00e3o doutrin\u00e1ria e pastoral<\/p>\n<p>De \u201ca divinis\u201d, que \u00e9 a pena can\u00f3nica de suspens\u00e3o do exerc\u00edcio das ordens sacras em que podem incorrer os cl\u00e9rigos por delitos graves, a \u201cZitas\u201d, nome por que s\u00e3o conhecidas as associadas da Obra de Santa Zita, instituto secular fundado pelo Pe. Joaquim Alves Br\u00e1s, ou seja, de A a Z, o crist\u00e3o ou simples curioso pode finalmente dispor de uma enciclop\u00e9dia cat\u00f3lica popular.<\/p>\n<p>O autor destas 542 p\u00e1ginas servidas com capa cartonada \u00e9 D. Manuel Franco Falc\u00e3o, bispo em\u00e9rito de Beja, e explica na apresenta\u00e7\u00e3o a origem da obra: \u201cEsta enciclop\u00e9dia tem a sua hist\u00f3ria. Come\u00e7ou pela ideia, surgida na Comiss\u00e3o Episcopal das Comunica\u00e7\u00f5es Sociais, de um vocabul\u00e1rio de termos usados na Igreja Cat\u00f3lica destinado a jornalistas e outros comunicadores. A necessidade de tal vocabul\u00e1rio estava a ser sentida, e a R\u00e1dio Renascen\u00e7a chegou a elaborar um para seu uso pessoal. Quando, por\u00e9m, se iniciou trabalho semelhante, em breve foi sentida a vantagem, para n\u00e3o dizer a necessidade, de desenvolver algumas das entradas, do ponto de vista da doutrina e da pr\u00e1tica da Igreja. Desta forma, a ideia de um vocabul\u00e1rio evoluiu para a desta Enciclop\u00e9dia. O p\u00fablico visado deixou de ser apenas o dos agentes da comunica\u00e7\u00e3o, para se alargar a outras pessoas desejosas de maior cultura cat\u00f3lica, nomeadamente catequistas, membros de movimentos cat\u00f3licos, e at\u00e9 cl\u00e9rigos preocupados com a sua actualiza\u00e7\u00e3o doutrin\u00e1ria e pastoral\u201d.<\/p>\n<p>Os temas desta enciclop\u00e9dia v\u00e3o da espiritualidade \u00e0 moral, passando pela Sagrada Escritura, Teologia, Pastoral, Liturgia e Direito. \u00c9 um bom livro para juntar \u00e0 biblioteca imprescind\u00edvel do crist\u00e3o.<\/p>\n","protected":false},"excerpt":{"rendered":"<p>Enciclop\u00e9dia Cat\u00f3lica Popular<\/p>\n","protected":false},"author":1,"featured_media":0,"comment_status":"open","ping_status":"open","sticky":false,"template":"","format":"standard","meta":{"footnotes":""},"categories":[66],"tags":[],"class_list":["post-16487","post","type-post","status-publish","format-standard","hentry","category-cultura"],"_links":{"self":[{"href":"https:\/\/sites.ecclesia.pt\/cv\/wp-json\/wp\/v2\/posts\/16487","targetHints":{"allow":["GET"]}}],"collection":[{"href":"https:\/\/sites.ecclesia.pt\/cv\/wp-json\/wp\/v2\/posts"}],"about":[{"href":"https:\/\/sites.ecclesia.pt\/cv\/wp-json\/wp\/v2\/types\/post"}],"author":[{"embeddable":true,"href":"https:\/\/sites.ecclesia.pt\/cv\/wp-json\/wp\/v2\/users\/1"}],"replies":[{"embeddable":true,"href":"https:\/\/sites.ecclesia.pt\/cv\/wp-json\/wp\/v2\/comments?post=16487"}],"version-history":[{"count":0,"href":"https:\/\/sites.ecclesia.pt\/cv\/wp-json\/wp\/v2\/posts\/16487\/revisions"}],"wp:attachment":[{"href":"https:\/\/sites.ecclesia.pt\/cv\/wp-json\/wp\/v2\/media?parent=16487"}],"wp:term":[{"taxonomy":"category","embeddable":true,"href":"https:\/\/sites.ecclesia.pt\/cv\/wp-json\/wp\/v2\/categories?post=16487"},{"taxonomy":"post_tag","embeddable":true,"href":"https:\/\/sites.ecclesia.pt\/cv\/wp-json\/wp\/v2\/tags?post=16487"}],"curies":[{"name":"wp","href":"https:\/\/api.w.org\/{rel}","templated":true}]}}