{"id":16488,"date":"2006-04-03T14:44:00","date_gmt":"2006-04-03T14:44:00","guid":{"rendered":"http:\/\/localhost:81\/wp1\/?p=16488"},"modified":"2006-04-03T14:44:00","modified_gmt":"2006-04-03T14:44:00","slug":"pela-positiva-2","status":"publish","type":"post","link":"https:\/\/sites.ecclesia.pt\/cv\/pela-positiva-2\/","title":{"rendered":"Pela Positiva"},"content":{"rendered":"<p>Blog do anterior director do Correio do Vouga <!--more--> \u201cO meu prop\u00f3sito, neste espa\u00e7o, situa-se na linha dos que apostam, no dia-a-dia, num mundo muito melhor\u201d afirma Fernando Martins<\/p>\n<p>Os blogues foram das melhores coisas que aconteceram \u00e0 e na Internet. Muito mais interessantes que a maioria dos sites (ou s\u00edtios), muito mais f\u00e1ceis de actualizar, muito mais virados para o interesse dos leitores e dos autores, muito mais actuais, criativos e \u00fateis.<\/p>\n<p>O Correio do Vouga come\u00e7a hoje a divulgar alguns, e nada melhor para come\u00e7ar do que o blog Pela Positiva, de Fernando Martins, o anterior director deste jornal.<\/p>\n<p>Mas antes, para quem n\u00e3o \u00e9 iniciado nestas lides, conv\u00e9m informar que um blog \u00e9 uma esp\u00e9cie de di\u00e1rio na Internet, que todos os dias (ou quase) o autor utiliza, pois o modo como se constr\u00f3i e mant\u00e9m o blog \u00e9 atraente e f\u00e1cil. H\u00e1 blogues pol\u00edticos, culturais, religiosos ou amorosos, individuais ou colectivos, de palavras e de imagens, mais ou menos art\u00edsticos, introspectivos ou interventivos, fechados ou abertos (quando o leitor pode comentar), etc.<\/p>\n<p>A origem do nome blog reside nas palavras inglesas web log (que poder\u00edamos traduzir como \u201cnotas na teia\u201d, isto \u00e9, na Internet), embora alguns prefiram dizer que vem de we blog (n\u00f3s \u201cblogamos\u201d).<\/p>\n<p>O blog de Fernando Martins, como o pr\u00f3prio nome indica, tem um tom positivo. Diz o autor, logo no primeiro \u201cpost\u201d (assim se chama cada uma das entradas do blog): \u201cO meu prop\u00f3sito, a partir de hoje e neste espa\u00e7o, situa-se na linha dos que apostam, no dia-a-dia, num mundo muito melhor. N\u00e3o simplesmente pelo protesto, que ser\u00e1 sempre a via mais f\u00e1cil e menos estimulante, mas fundamentalmente pela defesa do bem, do belo, dos afectos, em suma, dos valores que enformam a nossa civiliza\u00e7\u00e3o.<\/p>\n<p>Pela Positiva vai ser o meu lema de todos os dias, quer na an\u00e1lise dos mais diversos acontecimentos, quer pela divulga\u00e7\u00e3o do que vou lendo, quer pela defesa do que vou reflectindo, quer, ainda, pela partilha de gestos, porventura ignorados ou marginalizados, que s\u00e3o matriz de uma sociedade mais justa e mais fraterna.<\/p>\n<p>De bom grado se aceitam sugest\u00f5es, desde que venham pela positiva\u201d.<\/p>\n<p>Para se ter uma ideia do que se pode encontrar neste blog, aqui ficam os t\u00edtulos dos tr\u00eas \u00faltimos \u201cposts\u201d na altura da escrita deste artigo: \u201cC\u00e2mara de \u00cdlhavo atribui bolsas de estudo\u201d, \u201cAdopte um idoso\u201d e \u201cSolidariedadade com o sudeste asi\u00e1tico\u201d. Belas imagens, por vezes de car\u00e1cter religioso, textos do Papa e poemas de Natal s\u00e3o outras das p\u00e9rolas que \u201cPela Positiva\u201d oferece ao leitor.<\/p>\n<p>J.P.F.<\/p>\n<p>O Blog pode ser consultado em <\/p>\n<p>http:\/\/pela-positiva.blogspot.com<\/p>\n","protected":false},"excerpt":{"rendered":"<p>Blog do anterior director do Correio do Vouga<\/p>\n","protected":false},"author":1,"featured_media":0,"comment_status":"open","ping_status":"open","sticky":false,"template":"","format":"standard","meta":{"footnotes":""},"categories":[66],"tags":[],"class_list":["post-16488","post","type-post","status-publish","format-standard","hentry","category-cultura"],"_links":{"self":[{"href":"https:\/\/sites.ecclesia.pt\/cv\/wp-json\/wp\/v2\/posts\/16488","targetHints":{"allow":["GET"]}}],"collection":[{"href":"https:\/\/sites.ecclesia.pt\/cv\/wp-json\/wp\/v2\/posts"}],"about":[{"href":"https:\/\/sites.ecclesia.pt\/cv\/wp-json\/wp\/v2\/types\/post"}],"author":[{"embeddable":true,"href":"https:\/\/sites.ecclesia.pt\/cv\/wp-json\/wp\/v2\/users\/1"}],"replies":[{"embeddable":true,"href":"https:\/\/sites.ecclesia.pt\/cv\/wp-json\/wp\/v2\/comments?post=16488"}],"version-history":[{"count":0,"href":"https:\/\/sites.ecclesia.pt\/cv\/wp-json\/wp\/v2\/posts\/16488\/revisions"}],"wp:attachment":[{"href":"https:\/\/sites.ecclesia.pt\/cv\/wp-json\/wp\/v2\/media?parent=16488"}],"wp:term":[{"taxonomy":"category","embeddable":true,"href":"https:\/\/sites.ecclesia.pt\/cv\/wp-json\/wp\/v2\/categories?post=16488"},{"taxonomy":"post_tag","embeddable":true,"href":"https:\/\/sites.ecclesia.pt\/cv\/wp-json\/wp\/v2\/tags?post=16488"}],"curies":[{"name":"wp","href":"https:\/\/api.w.org\/{rel}","templated":true}]}}