{"id":16490,"date":"2006-04-03T14:44:00","date_gmt":"2006-04-03T14:44:00","guid":{"rendered":"http:\/\/localhost:81\/wp1\/?p=16490"},"modified":"2006-04-03T14:44:00","modified_gmt":"2006-04-03T14:44:00","slug":"globalizar-a-solidariedade","status":"publish","type":"post","link":"https:\/\/sites.ecclesia.pt\/cv\/globalizar-a-solidariedade\/","title":{"rendered":"Globalizar a Solidariedade"},"content":{"rendered":"<p>Direitos Humanos <!--more--> O ano de 2004 terminou com uma das maiores trag\u00e9dias, provocadas por cat\u00e1strofes naturais, das \u00faltimas d\u00e9cadas. O terramoto ao largo da ilha de Sumatra e o maremoto que lhe sucedeu, com efeitos um pouco por todo o Oceano \u00cdndico, ficar\u00e1 perpetuado na hist\u00f3ria como um dos mais terr\u00edveis acontecimentos da mem\u00f3ria recente. <\/p>\n<p>Quando me sento para escrever esta cr\u00f3nica, os dados oficiais indicam 124 mil mortos e a ONU estima que as v\u00edtimas mortais possam ascender a mais de 150 mil, ao que conv\u00e9m acrescentar mais de meio milh\u00e3o de feridos e talvez dois milh\u00f5es de pessoas que sofreram, directa ou indirectamente os efeitos das ondas gigantes \u2013 pessoas que perderam as suas casas, os seus haveres, as suas fontes de subsist\u00eancia\u2026<\/p>\n<p>Era a manh\u00e3 do dia 26 de Dezembro. Apenas um dia ap\u00f3s o Natal. Domingo, em Portugal ainda se acordava numa letargia caracter\u00edstica do per\u00edodo p\u00f3s-natal\u00edcio. Nos pa\u00edses anglo-sax\u00f3nicos come\u00e7avam as comemora\u00e7\u00f5es do \u201cBoxing Day\u201d, o dia em que se oferece a prendinha de Natal ao carteiro, ao padeiro, ao rapaz dos jornais ou do leite. Tudo parecia feliz na \u201caldeia global\u201d (como um dia lhe chamou McLuhan) quando as r\u00e1dios, as televis\u00f5es e os jornais on-line, come\u00e7aram a transmitir as not\u00edcias vindas do Oceano \u00cdndico. Em Portugal a not\u00edcia estoirou como uma bomba. Algumas das regi\u00f5es atingidas eram as tur\u00edsticas praias da Tail\u00e2ndia e as paradis\u00edacas ilhas Maldivas, para onde centenas de portugueses se tinham deslocado em busca de alguns dias de descanso.<\/p>\n<p>As imagens de ang\u00fastia e horror entraram pelas nossas casas dentro atrav\u00e9s das televis\u00f5es. Gradualmente foi-se tendo consci\u00eancia das dimens\u00f5es da cat\u00e1strofe. As v\u00edtimas eram aos milhares! <\/p>\n<p>Ent\u00e3o o mundo, mesmo antes do apelo \u00e0 solidariedade feito por Yvette Stevens, directora da ONU para as quest\u00f5es humanit\u00e1rias, come\u00e7ou a moblizar-se para uma ajuda \u00e0 escala global, sem precedentes. J\u00e1 qualificada como a maior opera\u00e7\u00e3o humanit\u00e1ria de sempre \u2013 do apoio m\u00e9dico e alimentar aos fundos financeiros que j\u00e1 foram criados \u2013 \u00e9 sintom\u00e1tico que a mobiliza\u00e7\u00e3o se tivesse iniciado, em primeiro lugar, ao n\u00edvel da sociedade civil. Primeiro foram as Organiza\u00e7\u00f5es N\u00e3o-Governamentais, os organismos religiosos e de Ajuda Humanit\u00e1ria. S\u00f3 depois os militares e os governos ocidentais. At\u00e9 que, um pouco a medo, a \u201cna\u00e7\u00e3o mais poderosa\u201d do mundo finalmente reagiu, libertando alguns (poucos) milh\u00f5es de d\u00f3lares. (Que isto \u201cem tempo de guerras preventivas\u201d n\u00e3o d\u00e1 para ser muito solid\u00e1rio sob pena de prejudicar o apoio financeiro \u00e0 ind\u00fastria b\u00e9lico-militar!).  <\/p>\n<p>Na \u00cdndia, aquando da realiza\u00e7\u00e3o do F\u00f3rum Social Mundial 2004, em Mumbay, Bernard Cassen, uma das vozes de refer\u00eancia do jornal franc\u00eas \u201cLe Monde Diplomatique\u201dgritava para o mundo \u201cEsta \u00e9 a alterglobaliza\u00e7\u00e3o que se mundializa\u201d. Na verdade, o que se pedia \u2013 sobretudo ao \u201cgrandes\u201d deste mundo \u2013 \u00e9 que a globaliza\u00e7\u00e3o do neoliberalismo econ\u00f3mico desse lugar a uma outra globaliza\u00e7\u00e3o: a da solidariedade, da toler\u00e2ncia, da complementaridade\u2026 <\/p>\n<p>\u201cTsunami\u201d \u2013 uma palavra japonesa que quer dizer \u201conda no porto\u201d ficar\u00e1, inexoravelmente, ligada a uma das maiores ondas de solidariedade a que o mundo j\u00e1 assistiu. Catapultada por um dos acontecimentos mais tr\u00e1gicos de que h\u00e1 mem\u00f3ria, a solidariedade, efectivamente, globalizou-se. Resta agora esperar que em 2005, sem que sejam necess\u00e1rios mais acontecimentos nefastos, o mundo olhe para outras cat\u00e1strofes permanentes: a D\u00edvida Externa dos pa\u00edses pobres, a viol\u00eancia f\u00edsica e sexual sobre crian\u00e7as e mulheres, o trabalho escravo, a intoler\u00e2ncia religiosa (ou a do mundo ateu), a depreda\u00e7\u00e3o dos recursos naturais\u2026 e se resolva finalmente, empreender a globaliza\u00e7\u00e3o da Justi\u00e7a e a Paz.<\/p>\n","protected":false},"excerpt":{"rendered":"<p>Direitos Humanos<\/p>\n","protected":false},"author":1,"featured_media":0,"comment_status":"open","ping_status":"open","sticky":false,"template":"","format":"standard","meta":{"footnotes":""},"categories":[62],"tags":[],"class_list":["post-16490","post","type-post","status-publish","format-standard","hentry","category-opiniao"],"_links":{"self":[{"href":"https:\/\/sites.ecclesia.pt\/cv\/wp-json\/wp\/v2\/posts\/16490","targetHints":{"allow":["GET"]}}],"collection":[{"href":"https:\/\/sites.ecclesia.pt\/cv\/wp-json\/wp\/v2\/posts"}],"about":[{"href":"https:\/\/sites.ecclesia.pt\/cv\/wp-json\/wp\/v2\/types\/post"}],"author":[{"embeddable":true,"href":"https:\/\/sites.ecclesia.pt\/cv\/wp-json\/wp\/v2\/users\/1"}],"replies":[{"embeddable":true,"href":"https:\/\/sites.ecclesia.pt\/cv\/wp-json\/wp\/v2\/comments?post=16490"}],"version-history":[{"count":0,"href":"https:\/\/sites.ecclesia.pt\/cv\/wp-json\/wp\/v2\/posts\/16490\/revisions"}],"wp:attachment":[{"href":"https:\/\/sites.ecclesia.pt\/cv\/wp-json\/wp\/v2\/media?parent=16490"}],"wp:term":[{"taxonomy":"category","embeddable":true,"href":"https:\/\/sites.ecclesia.pt\/cv\/wp-json\/wp\/v2\/categories?post=16490"},{"taxonomy":"post_tag","embeddable":true,"href":"https:\/\/sites.ecclesia.pt\/cv\/wp-json\/wp\/v2\/tags?post=16490"}],"curies":[{"name":"wp","href":"https:\/\/api.w.org\/{rel}","templated":true}]}}