{"id":16491,"date":"2006-04-03T14:44:00","date_gmt":"2006-04-03T14:44:00","guid":{"rendered":"http:\/\/localhost:81\/wp1\/?p=16491"},"modified":"2006-04-03T14:44:00","modified_gmt":"2006-04-03T14:44:00","slug":"reconhecimento-de-uma-vida-nao-favor-de-uma-amizade","status":"publish","type":"post","link":"https:\/\/sites.ecclesia.pt\/cv\/reconhecimento-de-uma-vida-nao-favor-de-uma-amizade\/","title":{"rendered":"Reconhecimento de uma vida, n\u00e3o favor de uma amizade"},"content":{"rendered":"<p>\u00c9 um facto, que me parece incontest\u00e1vel, que a classe pol\u00edtica e a ac\u00e7\u00e3o que ela exerce gozam de baixa cota\u00e7\u00e3o na opini\u00e3o p\u00fablica do pa\u00eds. \u00c9 de justi\u00e7a dizer que h\u00e1 muita gente competente e s\u00e9ria no mundo pol\u00edtico e que caminhos andados e decis\u00f5es tomadas, ao longo de d\u00e9cadas, mostram a import\u00e2ncia da ac\u00e7\u00e3o pol\u00edtica, quando orientada por gente com capacidade e compet\u00eancia e uma s\u00e9ria e ineg\u00e1vel dedica\u00e7\u00e3o \u00e0 causa p\u00fablica.<\/p>\n<p>Para o descr\u00e9dito a que, lamentavelmente, se chegou e que amea\u00e7a trazer surpresas consequentes nas pr\u00f3ximas elei\u00e7\u00f5es, n\u00e3o se pode assacar a culpa apenas a um \u00f3rg\u00e3o da soberania. Todos se entrela\u00e7am nestas rela\u00e7\u00f5es de causa e efeito. As suas diversas interven\u00e7\u00f5es assim o foram denunciando ao longo do tempo, que, afinal, nem \u00e9 t\u00e3o longo como isso.<\/p>\n<p>Por\u00e9m, agora que muito pode ser visto, no canal da televis\u00e3o que mostra e relata o que se faz no Parlamento e pela assist\u00eancia nas galerias, frequentemente cheias de crian\u00e7as e jovens, ao mesmo tempo que os jornais e os demais canais televisivos mostram e ampliam mais as picardias, que as coisas de interesse, a Assembleia da Rep\u00fablica e os deputados que a constituem, parecem ter parte importante no conceito pouco elogioso que o povo guarda dos pol\u00edticos. <\/p>\n<p>No tempo de fazer e desfazer as listas dos futuros deputados, quando apanho a jeito algum respons\u00e1vel partid\u00e1rio, com presum\u00edvel influ\u00eancia no processo, costumo perguntar-lhe se antes de pensarem e de indicarem nomes, se l\u00eaem os artigos da Constitui\u00e7\u00e3o sobre a miss\u00e3o da Assembleia e o que se espera dos que a comp\u00f5em. N\u00e3o \u00e9 miss\u00e3o simples, ao representar todos os cidad\u00e3os, exercer, com qualidade e compet\u00eancia, a fun\u00e7\u00e3o pol\u00edtica e legislativa, vigiar pelo cumprimento da Constitui\u00e7\u00e3o, fiscalizar e apreciar os actos do Governo e da Administra\u00e7\u00e3o, n\u00e3o sob uma \u00f3ptica meramente partid\u00e1ria, mas do bem comum e do interesse nacional.   <\/p>\n<p>   Sem ju\u00edzos sobre pessoas concretas, pode ficar a ideia de que h\u00e1 candidatos aos quais parecem interessar mais os artigos que se referem aos seus direitos e regalias. Esta ideia vem ao de cima ao tentar perceber as raz\u00f5es que presidiram \u00e0 feitura das listas. Os destro\u00e7os que ficam pelo caminho, ainda que um tanto manipulados por jornalistas n\u00e3o isentos, mostram, por vezes, a predomin\u00e2ncia de interesses e favores pessoais, traduzidos em nomes vazios de esperan\u00e7a, arranjos alheios ao que o pa\u00eds espera e precisa, guerras pessoais internas, amuos n\u00e3o contidos, amea\u00e7as proferidas, elogios e rebeli\u00f5es, tudo consoante o vento soprou a favor ou contra. Os que v\u00eaem na pol\u00edtica uma sa\u00edda f\u00e1cil para a sua vida ou um pedestal esperan\u00e7oso para as suas ambi\u00e7\u00f5es,  acham-se sempre capazes de ser deputados, na esperan\u00e7a de encontrar a\u00ed um ponto de apoio para outros voos, imposs\u00edveis pelo caminho do m\u00e9rito pessoal.  <\/p>\n<p>A honestidade tem de ser qualidade comprovada para quem se disp\u00f5e a fazer da ac\u00e7\u00e3o pol\u00edtica um caminho para a sua vida. Ela requer lucidez, sentido de servi\u00e7o, viv\u00eancia solid\u00e1ria, capacidade de doa\u00e7\u00e3o, coer\u00eancia de vida, conhecimento da realidade. O tempo vivido e o modo como se viveu \u00e9 um teste a verdade de tudo isto. Poder ser deputado n\u00e3o \u00e9 um direito, mas um reconhecimento. Neste, a ambi\u00e7\u00e3o n\u00e3o dispensa a compet\u00eancia e os favores pol\u00edticos e pessoais n\u00e3o substituem a capacidade requerida. <\/p>\n<p>O cerne do desenvolvimento e do progresso harm\u00f3nico de um pa\u00eds est\u00e1 mais na Assembleia da Rep\u00fablica que em qualquer dos outros \u00f3rg\u00e3os da organiza\u00e7\u00e3o do poder pol\u00edtico. Ser\u00e1 que os  eleitores est\u00e3o convencidos desta realidade?   <\/p>\n","protected":false},"excerpt":{"rendered":"<p>\u00c9 um facto, que me parece incontest\u00e1vel, que a classe pol\u00edtica e a ac\u00e7\u00e3o que ela exerce gozam de baixa cota\u00e7\u00e3o na opini\u00e3o p\u00fablica do pa\u00eds. \u00c9 de justi\u00e7a dizer que h\u00e1 muita gente competente e s\u00e9ria no mundo pol\u00edtico e que caminhos andados e decis\u00f5es tomadas, ao longo de d\u00e9cadas, mostram a import\u00e2ncia da [&hellip;]<\/p>\n","protected":false},"author":1,"featured_media":0,"comment_status":"open","ping_status":"open","sticky":false,"template":"","format":"standard","meta":{"footnotes":""},"categories":[62],"tags":[],"class_list":["post-16491","post","type-post","status-publish","format-standard","hentry","category-opiniao"],"_links":{"self":[{"href":"https:\/\/sites.ecclesia.pt\/cv\/wp-json\/wp\/v2\/posts\/16491","targetHints":{"allow":["GET"]}}],"collection":[{"href":"https:\/\/sites.ecclesia.pt\/cv\/wp-json\/wp\/v2\/posts"}],"about":[{"href":"https:\/\/sites.ecclesia.pt\/cv\/wp-json\/wp\/v2\/types\/post"}],"author":[{"embeddable":true,"href":"https:\/\/sites.ecclesia.pt\/cv\/wp-json\/wp\/v2\/users\/1"}],"replies":[{"embeddable":true,"href":"https:\/\/sites.ecclesia.pt\/cv\/wp-json\/wp\/v2\/comments?post=16491"}],"version-history":[{"count":0,"href":"https:\/\/sites.ecclesia.pt\/cv\/wp-json\/wp\/v2\/posts\/16491\/revisions"}],"wp:attachment":[{"href":"https:\/\/sites.ecclesia.pt\/cv\/wp-json\/wp\/v2\/media?parent=16491"}],"wp:term":[{"taxonomy":"category","embeddable":true,"href":"https:\/\/sites.ecclesia.pt\/cv\/wp-json\/wp\/v2\/categories?post=16491"},{"taxonomy":"post_tag","embeddable":true,"href":"https:\/\/sites.ecclesia.pt\/cv\/wp-json\/wp\/v2\/tags?post=16491"}],"curies":[{"name":"wp","href":"https:\/\/api.w.org\/{rel}","templated":true}]}}