{"id":16492,"date":"2006-04-03T14:44:00","date_gmt":"2006-04-03T14:44:00","guid":{"rendered":"http:\/\/localhost:81\/wp1\/?p=16492"},"modified":"2006-04-03T14:44:00","modified_gmt":"2006-04-03T14:44:00","slug":"o-arrefecimento-global","status":"publish","type":"post","link":"https:\/\/sites.ecclesia.pt\/cv\/o-arrefecimento-global\/","title":{"rendered":"O arrefecimento global"},"content":{"rendered":"<p>\u00c9 uma boa not\u00edcia: o Protocolo de Quioto vai entrar, finalmente, em vigor, no pr\u00f3ximo dia 16 de Fevereiro. Depois de a R\u00fassia ter ratificado o projecto, abre-se agora uma nova esperan\u00e7a para a Humanidade: pode estar para breve a invers\u00e3o das coisas, isto \u00e9, termos chegado ao in\u00edcio do arrefecimento global.<\/p>\n<p>Todos conhecemos os efeitos perversos da incontrolada emiss\u00e3o de gases(CO2) para a atmosfera, com reflexos \u00e0 escala mundial, j\u00e1 sens\u00edveis um pouco por toda a parte. \u00c9 para combater esses excessos que delegados de 200 pa\u00edses e milhares de ambientalistas acabam de se reunir em Buenos Aires, a preparar a aplica\u00e7\u00e3o deste Protocolo.<\/p>\n<p>Boa not\u00edcia tamb\u00e9m \u00e9 a atitude de Tony Blair, que se assume como paladino desta cruzada, n\u00e3o apenas com medidas pioneiras \u00e0 escala nacional do seu Pa\u00eds, mas tamb\u00e9m \u00e0 escala mundial, com o prop\u00f3sito de envolver os pa\u00edses ricos (G-8) na considera\u00e7\u00e3o das altera\u00e7\u00f5es climat\u00e9ricas como um dos temas do pr\u00f3ximo encontro. <\/p>\n<p>De fora ficam dois pa\u00edses que se recusaram a ratificar o Protocolo: USA e Austr\u00e1lia. Os Estados Unidos da Am\u00e9rica, apesar de serem respons\u00e1veis pela emiss\u00e3o de um quarto dos gases com efeito de estufa, disseram claramente n\u00e3o estar dispostos a colaborar com o mundo. Em nome da protec\u00e7\u00e3o da sua economia, mesmo que tal possa significar, a longo prazo, a destrui\u00e7\u00e3o desta Terra. <\/p>\n<p>E mais: fazendo depender as suas hip\u00f3teses de ades\u00e3o de uma redu\u00e7\u00e3o tamb\u00e9m nos pa\u00edses em vias de desenvolvimento. Como se fosse poss\u00edvel comparar o seu nefasto contributo com os \u00ednfimos contributos de outros e as suas capacidades tecnol\u00f3gicas de redu\u00e7\u00e3o com as incipientes t\u00e9cnicas de outros.<\/p>\n<p>Bem pode dizer Raul Estrada, o argentino que secretariou a confer\u00eancia de Quioto: \u201cO melhor para o conjunto da comunidade internacional seria descobrir e delinear uma f\u00f3rmula que traga os Estados Unidos de volta ao redil\u201d. Sobra-nos a esperan\u00e7a de que a estrutura federal dos USA v\u00e1 fragmentando esta atitude intransigente; e que a boa vizinhan\u00e7a de Blair e os compromissos comuns fa\u00e7am o senhor Bush reconsiderar a sua posi\u00e7\u00e3o. <\/p>\n<p>\u201cCrescei e multiplicai-vos; enchei e dominai a terra\u201d &#8211; \u00e9 a Palavra de Deus ao Homem. A nossa miss\u00e3o, de todos, \u00e9 transformar o Mundo, que Deus criou din\u00e2mico, em espa\u00e7o habit\u00e1vel para todos; n\u00e3o em sepultura da Humanidade!  <\/p>\n","protected":false},"excerpt":{"rendered":"<p>\u00c9 uma boa not\u00edcia: o Protocolo de Quioto vai entrar, finalmente, em vigor, no pr\u00f3ximo dia 16 de Fevereiro. Depois de a R\u00fassia ter ratificado o projecto, abre-se agora uma nova esperan\u00e7a para a Humanidade: pode estar para breve a invers\u00e3o das coisas, isto \u00e9, termos chegado ao in\u00edcio do arrefecimento global. Todos conhecemos os [&hellip;]<\/p>\n","protected":false},"author":1,"featured_media":0,"comment_status":"open","ping_status":"open","sticky":false,"template":"","format":"standard","meta":{"footnotes":""},"categories":[47],"tags":[],"class_list":["post-16492","post","type-post","status-publish","format-standard","hentry","category-editorial"],"_links":{"self":[{"href":"https:\/\/sites.ecclesia.pt\/cv\/wp-json\/wp\/v2\/posts\/16492","targetHints":{"allow":["GET"]}}],"collection":[{"href":"https:\/\/sites.ecclesia.pt\/cv\/wp-json\/wp\/v2\/posts"}],"about":[{"href":"https:\/\/sites.ecclesia.pt\/cv\/wp-json\/wp\/v2\/types\/post"}],"author":[{"embeddable":true,"href":"https:\/\/sites.ecclesia.pt\/cv\/wp-json\/wp\/v2\/users\/1"}],"replies":[{"embeddable":true,"href":"https:\/\/sites.ecclesia.pt\/cv\/wp-json\/wp\/v2\/comments?post=16492"}],"version-history":[{"count":0,"href":"https:\/\/sites.ecclesia.pt\/cv\/wp-json\/wp\/v2\/posts\/16492\/revisions"}],"wp:attachment":[{"href":"https:\/\/sites.ecclesia.pt\/cv\/wp-json\/wp\/v2\/media?parent=16492"}],"wp:term":[{"taxonomy":"category","embeddable":true,"href":"https:\/\/sites.ecclesia.pt\/cv\/wp-json\/wp\/v2\/categories?post=16492"},{"taxonomy":"post_tag","embeddable":true,"href":"https:\/\/sites.ecclesia.pt\/cv\/wp-json\/wp\/v2\/tags?post=16492"}],"curies":[{"name":"wp","href":"https:\/\/api.w.org\/{rel}","templated":true}]}}