{"id":16493,"date":"2006-04-03T14:44:00","date_gmt":"2006-04-03T14:44:00","guid":{"rendered":"http:\/\/localhost:81\/wp1\/?p=16493"},"modified":"2006-04-03T14:44:00","modified_gmt":"2006-04-03T14:44:00","slug":"etica-na-vida-politica","status":"publish","type":"post","link":"https:\/\/sites.ecclesia.pt\/cv\/etica-na-vida-politica\/","title":{"rendered":"\u00c9tica na vida pol\u00edtica"},"content":{"rendered":"<p>A prop\u00f3sito das Elei\u00e7\u00f5es Legislativas no dia 20 de fevereiro <!--more--> \u201cA for\u00e7a que hoje se capta com maior intensidade \u00e9 a de promover uma nova evangeliza\u00e7\u00e3o, uma nova \u201cimplantatio\u201d evang\u00e9lica, tamb\u00e9m com um referente ao \u00e2mbito social\u201d \u2013 declara Jo\u00e3o Paulo II, no discurso feito a um grupo de professores de Doutrina Social da Igreja (DSI), recentemente reunidos para debater os desafios maiores da idade contempor\u00e2nea. <\/p>\n<p>Sem DSI, a nova evangeliza\u00e7\u00e3o fica reduzida nos seus objectivos e perde impacto no mundo de hoje. N\u00e3o ser\u00e1 esta uma das poss\u00edveis explica\u00e7\u00f5es para a nossa situa\u00e7\u00e3o actual?!<\/p>\n<p>Com efeito, \u00e9 a partir de Jesus Cristo e do Evangelho que a Igreja se \u201cinteressa\u201d com redobrada raz\u00e3o pela pessoa humana, seus direitos e deveres fundamentais, sua conviv\u00eancia organizada em sociedade, sua inser\u00e7\u00e3o na comunidade pol\u00edtica, designadamente sua rela\u00e7\u00e3o com o Estado democr\u00e1tico, seu exerc\u00edcio da cidadania solid\u00e1ria, sua participa\u00e7\u00e3o na realiza\u00e7\u00e3o do bem comum e tantas outras explicita\u00e7\u00f5es da novidade que adv\u00e9m de Jesus e urge conhecer e promover em todos os \u00e2mbitos da vida.<\/p>\n<p>Esta novidade constitui resposta aos desafios de hoje, inverte a pir\u00e2mide das necessidades, pois, enquanto todos n\u00e3o tiverem o necess\u00e1rio, n\u00e3o \u00e9 leg\u00edtimo acumular sup\u00e9rfluos, revoluciona o exerc\u00edcio do poder, abrindo horizontes \u00e0s pol\u00edticas de toda a esp\u00e9cie, colocando-as ao servi\u00e7o do bem comum das pessoas, designadamente dos mais empobrecidos e desfavo-recidos.<\/p>\n<p>Esta novidade torna o Evangelho presente na sociedade, na vida p\u00fablica, nos centros de decis\u00e3o e noutros espa\u00e7os, onde os delegados do povo t\u00eam assento e fazem leis, atendendo \u00e0 \u00e9tica dos valores vivida pelo mesmo povo. Quem abusa do poder, de forma comprovada, perde a legitimidade. Quem prop\u00f5e medidas que alteram substan-cialmente os programas honestamente apresentados no sufr\u00e1gio eleitoral, desonra-se a si mesmo e \u201carvora-se\u201d em substituto de quem lhe confiou a fun\u00e7\u00e3o.<\/p>\n<p>As elei\u00e7\u00f5es t\u00eam duas voltas. A primeira coincide com a elabora\u00e7\u00e3o das listas e constitui a mais genu\u00edna escolha partid\u00e1ria, que o povo \u00e9 chamado a sufragar. A segunda realiza-se com a ida \u00e0s urnas e, frequentemente, serve para indicar se este ou aquele partido tem mais um ou outro deputado em cada c\u00edrculo eleitoral. O qu\u00f3rum mais importante da Assembleia da Rep\u00fablica \u00e9 decidido pelas direc\u00e7\u00f5es partid\u00e1rias. Da\u00ed a complexidade das negocia\u00e7\u00f5es pr\u00e9vias, o esfor\u00e7o feito em alguns quadrantes e tantas outras subtilezas, que nem sequer chegam ao conhecimento do p\u00fablico.<\/p>\n<p>A \u00e9tica na vida pol\u00edtica \u00e9 o rosto humano desta novidade. Sabem-no as pessoas honradas consigo mesmas e honestas para com os outros, sobretudo os eleitores, e os crist\u00e3os que se mant\u00eam fi\u00e9is \u00e0 novidade de Jesus Cristo. Sabe-o o p\u00fablico eleitor e, por isso, se alheia ou entusiasma com a pol\u00edtica e as suas m\u00faltiplas express\u00f5es<\/p>\n<p>Georgino Rocha<\/p>\n","protected":false},"excerpt":{"rendered":"<p>A prop\u00f3sito das Elei\u00e7\u00f5es Legislativas no dia 20 de fevereiro<\/p>\n","protected":false},"author":1,"featured_media":0,"comment_status":"open","ping_status":"open","sticky":false,"template":"","format":"standard","meta":{"footnotes":""},"categories":[38],"tags":[],"class_list":["post-16493","post","type-post","status-publish","format-standard","hentry","category-destaque"],"_links":{"self":[{"href":"https:\/\/sites.ecclesia.pt\/cv\/wp-json\/wp\/v2\/posts\/16493","targetHints":{"allow":["GET"]}}],"collection":[{"href":"https:\/\/sites.ecclesia.pt\/cv\/wp-json\/wp\/v2\/posts"}],"about":[{"href":"https:\/\/sites.ecclesia.pt\/cv\/wp-json\/wp\/v2\/types\/post"}],"author":[{"embeddable":true,"href":"https:\/\/sites.ecclesia.pt\/cv\/wp-json\/wp\/v2\/users\/1"}],"replies":[{"embeddable":true,"href":"https:\/\/sites.ecclesia.pt\/cv\/wp-json\/wp\/v2\/comments?post=16493"}],"version-history":[{"count":0,"href":"https:\/\/sites.ecclesia.pt\/cv\/wp-json\/wp\/v2\/posts\/16493\/revisions"}],"wp:attachment":[{"href":"https:\/\/sites.ecclesia.pt\/cv\/wp-json\/wp\/v2\/media?parent=16493"}],"wp:term":[{"taxonomy":"category","embeddable":true,"href":"https:\/\/sites.ecclesia.pt\/cv\/wp-json\/wp\/v2\/categories?post=16493"},{"taxonomy":"post_tag","embeddable":true,"href":"https:\/\/sites.ecclesia.pt\/cv\/wp-json\/wp\/v2\/tags?post=16493"}],"curies":[{"name":"wp","href":"https:\/\/api.w.org\/{rel}","templated":true}]}}