{"id":16495,"date":"2006-04-03T14:44:00","date_gmt":"2006-04-03T14:44:00","guid":{"rendered":"http:\/\/localhost:81\/wp1\/?p=16495"},"modified":"2006-04-03T14:44:00","modified_gmt":"2006-04-03T14:44:00","slug":"encontro-e-entrega-reciproca","status":"publish","type":"post","link":"https:\/\/sites.ecclesia.pt\/cv\/encontro-e-entrega-reciproca\/","title":{"rendered":"Encontro e entrega rec\u00edproca"},"content":{"rendered":"<p>E Eucaristia no meu cora\u00e7\u00e3o <!--more--> Ao olhar para tr\u00e1s na minha vida, raramente me lembro de um domingo sem ir \u00e0 eucaristia. Devo-o \u00e0 educa\u00e7\u00e3o que recebi, que me orientou para a moral veiculada pela Igreja.<\/p>\n<p>Recordo a minha inf\u00e2ncia religiosa com a imagem de \u201cum cachorrinho do bom Deus\u201d! Sem questionar porqu\u00ea, sem sacrif\u00edcio, e com muita alegria, dirigia-me \u00e0 igreja e participava na celebra\u00e7\u00e3o. Nem sempre compreendia bem as leituras, mas pareciam-me conter uma mensagem grandiosa, sobretudo os evangelhos cujo conte\u00fado era mais semelhante \u00e0 vida comum. Perante as esp\u00e9cies consagradas, a minha atitude era de profundo respeito! O momento da consagra\u00e7\u00e3o e da comunh\u00e3o eram vividos com perplexidade diante de tal mist\u00e9rio que&#8230; ningu\u00e9m me conseguia explicar com um motivo \u201cmais humanamente\u201d compreens\u00edvel.<\/p>\n<p>N\u00e3o posso deixar de referir a import\u00e2ncia determinante da catequese neste percurso da inf\u00e2ncia at\u00e9 \u00e0 adolesc\u00eancia. Foi atrav\u00e9s desta escola que aprendi os fundamentos da religi\u00e3o, que me foram explicados os comportamentos de Jesus. A catequese transmitiu-me uma mensagem que facilmente integrei no meu modo de ser e de viver! Era com naturalidade que procurava que os conte\u00fados e princ\u00edpios transparecessem em cada ac\u00e7\u00e3o do meu comum dia-a-dia, na escola, com os conhecidos, com os pais.<\/p>\n<p>A religi\u00e3o n\u00e3o constitui um ref\u00fagio para as minhas limita\u00e7\u00f5es ou desilus\u00f5es! Tamb\u00e9m n\u00e3o sinto a minha liberdade paralisada pelo poder de Deus! Admito, sim, que os conhecimentos e a relac\u00e7\u00e3o que cultivo com Deus me ajudam a planear e a construir o sentido da minha vida! Pela f\u00e9 &#8211; essa vontade de ades\u00e3o &#8211; creio que o trabalho e a ora\u00e7\u00e3o se complementam e fazem caminhar no mesmo rumo a vontade de Deus e a do Homem. Por isso, continua a ter sentido um tempo especial &#8211; a eucaristia &#8211; em que se celebra com adora\u00e7\u00e3o e festa este encontro e entrega rec\u00edproca entre Deus e o Homem.<\/p>\n<p>Contudo, assisto ao abandono da igreja um pouco por todas as gera\u00e7\u00f5es&#8230; As cr\u00edticas s\u00e3o muitas! Ou \u00e9 porque o padre n\u00e3o cativa, ou os c\u00e2nticos s\u00e3o velhos, ou a igreja \u00e9 dogm\u00e1tica&#8230; Hoje, \u00e9 motivo de riso, se dissermos que vamos \u00e0 eucaristia, muito maior se vamos comungar&#8230;<\/p>\n<p>Que se passa? A igreja n\u00e3o responde ao imediatismo e superficialismo crescente da sociedade?<\/p>\n<p>Procuro crer no que leio, ensinar o que creio e viver o que ensino! Isto faz parte de mim de um modo t\u00e3o natural e consciente que penso que, se se deixasse de celebrar eucaristia, ela continuaria a existir, na sua ess\u00eancia &#8211; em contempla\u00e7\u00e3o, em celebra\u00e7\u00e3o da exist\u00eancia, sobretudo na pr\u00e1xis comprometida do dia-a-dia, com tudo o ela contiver! N\u00e3o poderia ser de outra maneira!!&#8230;<\/p>\n<p>Magda Freitas, estudante de enfermagem<\/p>\n","protected":false},"excerpt":{"rendered":"<p>E Eucaristia no meu cora\u00e7\u00e3o<\/p>\n","protected":false},"author":1,"featured_media":0,"comment_status":"open","ping_status":"open","sticky":false,"template":"","format":"standard","meta":{"footnotes":""},"categories":[41],"tags":[],"class_list":["post-16495","post","type-post","status-publish","format-standard","hentry","category-eucaristia"],"_links":{"self":[{"href":"https:\/\/sites.ecclesia.pt\/cv\/wp-json\/wp\/v2\/posts\/16495","targetHints":{"allow":["GET"]}}],"collection":[{"href":"https:\/\/sites.ecclesia.pt\/cv\/wp-json\/wp\/v2\/posts"}],"about":[{"href":"https:\/\/sites.ecclesia.pt\/cv\/wp-json\/wp\/v2\/types\/post"}],"author":[{"embeddable":true,"href":"https:\/\/sites.ecclesia.pt\/cv\/wp-json\/wp\/v2\/users\/1"}],"replies":[{"embeddable":true,"href":"https:\/\/sites.ecclesia.pt\/cv\/wp-json\/wp\/v2\/comments?post=16495"}],"version-history":[{"count":0,"href":"https:\/\/sites.ecclesia.pt\/cv\/wp-json\/wp\/v2\/posts\/16495\/revisions"}],"wp:attachment":[{"href":"https:\/\/sites.ecclesia.pt\/cv\/wp-json\/wp\/v2\/media?parent=16495"}],"wp:term":[{"taxonomy":"category","embeddable":true,"href":"https:\/\/sites.ecclesia.pt\/cv\/wp-json\/wp\/v2\/categories?post=16495"},{"taxonomy":"post_tag","embeddable":true,"href":"https:\/\/sites.ecclesia.pt\/cv\/wp-json\/wp\/v2\/tags?post=16495"}],"curies":[{"name":"wp","href":"https:\/\/api.w.org\/{rel}","templated":true}]}}