{"id":16496,"date":"2006-04-03T14:44:00","date_gmt":"2006-04-03T14:44:00","guid":{"rendered":"http:\/\/localhost:81\/wp1\/?p=16496"},"modified":"2006-04-03T14:44:00","modified_gmt":"2006-04-03T14:44:00","slug":"rocas-do-vouga-vai-ter-centro-paroquial","status":"publish","type":"post","link":"https:\/\/sites.ecclesia.pt\/cv\/rocas-do-vouga-vai-ter-centro-paroquial\/","title":{"rendered":"Rocas do Vouga vai ter centro paroquial"},"content":{"rendered":"<p>Obra or\u00e7ada em 250 mil euros <!--more--> Para fazer uma reuni\u00e3o ou um encontro, a par\u00f3quia de Rocas do Vouga s\u00f3 disp\u00f5e de uma sala de 12 m2, a chamada \u201ccasa da f\u00e1brica\u201d. A catequese, por exemplo, \u00e9 dada nessa sala anexa \u00e0 igreja, numa sala da Junta de Freguesia e em duas casas particulares. A partir de 2006, tudo ser\u00e1 diferente. O centro paroquial, cuja primeira pedra foi lan\u00e7ada no dia 19 de Dezembro de 2004, pelo Bispo da Diocese, ter\u00e1 quatro salas de catequese, um sal\u00e3o polivalente, uma capela mortu\u00e1ria, a sede do agrupamento de escuteiros (em forma\u00e7\u00e3o) e ainda um espa\u00e7o que poder\u00e1 servir como resid\u00eancia do p\u00e1roco. No total, s\u00e3o mais de 800 m2, distribu\u00eddos por tr\u00eas pisos para servir uma par\u00f3quia de 2100 habitantes. A catequese \u00e9 frequentada por 180 crian\u00e7as, adolescentes e jovens.<\/p>\n<p>Trata-se de uma obra muito desejada pelos crist\u00e3os desta par\u00f3quia \u2013 o que de certo modo explica a generosidade popular. \u201cO povo tem sido muito generoso\u201d, afirma o Pe Lic\u00ednio Cardoso, p\u00e1roco desta terra, de Dornelas e de Silva Escura. \u201cNo dia 2 de Janeiro, o leil\u00e3o rendeu 3800 euros; e o cantar das janeiras j\u00e1 rendeu 4500 euros e ainda s\u00f3 percorremos metade da par\u00f3quia\u201d, afirma o p\u00e1roco. Al\u00e9m destas iniciativas, a par\u00f3quia h\u00e1 ano e meio que tem em funcionamento uma quermesse. No entanto, para l\u00e1 do esfor\u00e7o financeiro que a comunidade est\u00e1 a fazer, \u201cqueremos que a constru\u00e7\u00e3o do centro \u2013 afirma Lic\u00ednio Cardoso \u2013 seja tamb\u00e9m um factor de comunh\u00e3o e de forma\u00e7\u00e3o na corresponsabilidade. Mais do que arranjar dinheiro, \u00e9 importante que as pessoas sintam que est\u00e1 vai ser uma casa comum\u201d. <\/p>\n<p>No total, a obra est\u00e1 or\u00e7ada em 250 mil euros. A primeira fase (paredes e telhado) vai custar 100 mil euros (20 mil contos).<\/p>\n<p>Centro Paroquial de Rocas do Vouga<\/p>\n<p>B\u00ean\u00e7\u00e3o da Primeira Pedra: 19 de Dezembro de 2004<\/p>\n<p>Ofereceu o Projecto: Arq. Mateus Barbosa<\/p>\n<p>\u00c1rea total: 820 m2<\/p>\n<p>Previs\u00e3o da conclus\u00e3o: 2006<\/p>\n<p>Or\u00e7amento: 250 mil euros (100 mil na primeira fase)<\/p>\n","protected":false},"excerpt":{"rendered":"<p>Obra or\u00e7ada em 250 mil euros<\/p>\n","protected":false},"author":1,"featured_media":0,"comment_status":"open","ping_status":"open","sticky":false,"template":"","format":"standard","meta":{"footnotes":""},"categories":[70],"tags":[],"class_list":["post-16496","post","type-post","status-publish","format-standard","hentry","category-diocese"],"_links":{"self":[{"href":"https:\/\/sites.ecclesia.pt\/cv\/wp-json\/wp\/v2\/posts\/16496","targetHints":{"allow":["GET"]}}],"collection":[{"href":"https:\/\/sites.ecclesia.pt\/cv\/wp-json\/wp\/v2\/posts"}],"about":[{"href":"https:\/\/sites.ecclesia.pt\/cv\/wp-json\/wp\/v2\/types\/post"}],"author":[{"embeddable":true,"href":"https:\/\/sites.ecclesia.pt\/cv\/wp-json\/wp\/v2\/users\/1"}],"replies":[{"embeddable":true,"href":"https:\/\/sites.ecclesia.pt\/cv\/wp-json\/wp\/v2\/comments?post=16496"}],"version-history":[{"count":0,"href":"https:\/\/sites.ecclesia.pt\/cv\/wp-json\/wp\/v2\/posts\/16496\/revisions"}],"wp:attachment":[{"href":"https:\/\/sites.ecclesia.pt\/cv\/wp-json\/wp\/v2\/media?parent=16496"}],"wp:term":[{"taxonomy":"category","embeddable":true,"href":"https:\/\/sites.ecclesia.pt\/cv\/wp-json\/wp\/v2\/categories?post=16496"},{"taxonomy":"post_tag","embeddable":true,"href":"https:\/\/sites.ecclesia.pt\/cv\/wp-json\/wp\/v2\/tags?post=16496"}],"curies":[{"name":"wp","href":"https:\/\/api.w.org\/{rel}","templated":true}]}}