{"id":16497,"date":"2006-04-03T14:44:00","date_gmt":"2006-04-03T14:44:00","guid":{"rendered":"http:\/\/localhost:81\/wp1\/?p=16497"},"modified":"2006-04-03T14:44:00","modified_gmt":"2006-04-03T14:44:00","slug":"actividades-pastorais-69","status":"publish","type":"post","link":"https:\/\/sites.ecclesia.pt\/cv\/actividades-pastorais-69\/","title":{"rendered":"Actividades Pastorais"},"content":{"rendered":"<p>Na quinta feira, o senhor Bispo reuniu em Recard\u00e3es com equipa  pastoral (padres e  di\u00e1conos), que tem a seu cargo quatro par\u00f3quias, encontrou-se com alguns padres da Diocese, fez a b\u00ean\u00e7\u00e3o do novo Hospital da Miseric\u00f3rdia de Sangalhos e participou, \u00e0 noite, no Teatro Aveirense, no concerto dos Reis  pela Filarmonia das Beiras.<\/p>\n<p>No s\u00e1bado, presidiu, durante a manh\u00e3, ao Conselho Diocesano da Pastoral Juvenil. De tarde, participou no encontro de idosos de diversas institui\u00e7\u00f5es, promovido pelo Servi\u00e7o de Voluntariado Social e pelo CUFC. Presidiu \u00e0 missa vespertina da S\u00e9 catedral, onde fez o baptismo de um adulto cubano, rec\u00e9m doutorado na Universidade de Aveiro.<\/p>\n<p>No Domingo, o senhor Bispo presidiu \u00e0 celebra\u00e7\u00e3o festiva de S. Gon\u00e7alinho na sua igreja da Beira Mar. Reuniu-se na segunda feira, no Semin\u00e1rio, com os professores efectivos de EMRC da Diocese e, na ter\u00e7a feira, participou em F\u00e1tima, na reuni\u00e3o mensal do Conselho Permanente do Episcopado. Hoje, quarta feira, desloca-se a Lisboa, para participar em algumas sess\u00f5es do Congresso \u201c Que futuro para a fam\u00edlia? Novas respostas para novas exig\u00eancias\u201d, que decorre no F\u00f3rum Lisboa, promovido pelo Movimento de Defesa da Vida (MDV).<\/p>\n","protected":false},"excerpt":{"rendered":"<p>Na quinta feira, o senhor Bispo reuniu em Recard\u00e3es com equipa pastoral (padres e di\u00e1conos), que tem a seu cargo quatro par\u00f3quias, encontrou-se com alguns padres da Diocese, fez a b\u00ean\u00e7\u00e3o do novo Hospital da Miseric\u00f3rdia de Sangalhos e participou, \u00e0 noite, no Teatro Aveirense, no concerto dos Reis pela Filarmonia das Beiras. No s\u00e1bado, [&hellip;]<\/p>\n","protected":false},"author":1,"featured_media":0,"comment_status":"open","ping_status":"open","sticky":false,"template":"","format":"standard","meta":{"footnotes":""},"categories":[70],"tags":[],"class_list":["post-16497","post","type-post","status-publish","format-standard","hentry","category-diocese"],"_links":{"self":[{"href":"https:\/\/sites.ecclesia.pt\/cv\/wp-json\/wp\/v2\/posts\/16497","targetHints":{"allow":["GET"]}}],"collection":[{"href":"https:\/\/sites.ecclesia.pt\/cv\/wp-json\/wp\/v2\/posts"}],"about":[{"href":"https:\/\/sites.ecclesia.pt\/cv\/wp-json\/wp\/v2\/types\/post"}],"author":[{"embeddable":true,"href":"https:\/\/sites.ecclesia.pt\/cv\/wp-json\/wp\/v2\/users\/1"}],"replies":[{"embeddable":true,"href":"https:\/\/sites.ecclesia.pt\/cv\/wp-json\/wp\/v2\/comments?post=16497"}],"version-history":[{"count":0,"href":"https:\/\/sites.ecclesia.pt\/cv\/wp-json\/wp\/v2\/posts\/16497\/revisions"}],"wp:attachment":[{"href":"https:\/\/sites.ecclesia.pt\/cv\/wp-json\/wp\/v2\/media?parent=16497"}],"wp:term":[{"taxonomy":"category","embeddable":true,"href":"https:\/\/sites.ecclesia.pt\/cv\/wp-json\/wp\/v2\/categories?post=16497"},{"taxonomy":"post_tag","embeddable":true,"href":"https:\/\/sites.ecclesia.pt\/cv\/wp-json\/wp\/v2\/tags?post=16497"}],"curies":[{"name":"wp","href":"https:\/\/api.w.org\/{rel}","templated":true}]}}