{"id":16498,"date":"2006-04-03T14:44:00","date_gmt":"2006-04-03T14:44:00","guid":{"rendered":"http:\/\/localhost:81\/wp1\/?p=16498"},"modified":"2006-04-03T14:44:00","modified_gmt":"2006-04-03T14:44:00","slug":"apelo-renovado-a-favor-das-vitimas-do-maremoto","status":"publish","type":"post","link":"https:\/\/sites.ecclesia.pt\/cv\/apelo-renovado-a-favor-das-vitimas-do-maremoto\/","title":{"rendered":"Apelo renovado a favor das v\u00edtimas do maremoto"},"content":{"rendered":"<p>Poucos dias depois da calamidade natural que dizimou v\u00e1rios pa\u00edses do sudeste asi\u00e1tico e \u00e0 qual ningu\u00e9m ficou indiferente, a Caritas Diocesana de Aveiro fez, atrav\u00e9s dos p\u00e1rocos, um apelo a todos os crist\u00e3os e comunidades, a favor das v\u00edtimas do maremoto do sudeste asi\u00e1tico.<\/p>\n<p>De muitos modos a comunica\u00e7\u00e3o social tem repetido este apelo ao qual um grande n\u00famero de pessoas tem respondido com generosidade, a apreciar pelos resultados conhecidos.<\/p>\n<p>A trag\u00e9dia, por\u00e9m, ultrapassa tudo quanto se podia pensar e quem precisa n\u00e3o pode esperar e, por isso mesmo, quem ainda n\u00e3o deu n\u00e3o deve retardar.<\/p>\n<p>H\u00e1 sempre gente que apenas lamenta a trag\u00e9dia, esquecendo-se que a todos nos \u00e9 pedido muito mais do que a lamenta\u00e7\u00e3o e o pesar.<\/p>\n<p>Venho insistir com as par\u00f3quias e as comunidades onde se celebra a Eucaristia que, se ainda n\u00e3o o fizeram, se organizem para que, da maneira que lhes parecer mais vi\u00e1vel e estimulante, fa\u00e7am, quanto antes, o seu ofert\u00f3rio. Ao mesmo tempo, que se empenhem para que nenhuma pessoa fique alheia ou indiferente \u00e0s vitimas desta inesperada calamidade. Canalize-se depois, com  maior brevidade, o que se recolheu para a Caritas Diocesana ou Nacional, a fim de ser, de imediato, enviado ao seu destino, por meios considerados seguros.<\/p>\n<p>Estaremos assim, neste Ano da Eucaristia, a traduzir em actos o lema: \u201c A Eucaristia gera fraternidade\u201d. Que melhor tradu\u00e7\u00e3o do lema do que ir efectivamente ao encontro de irm\u00e3os nossos, aos quais o maremoto levou familiares, bens, sa\u00fade e tornou incapazes, por si mesmo, de refazer as suas vidas?<\/p>\n<p>Ant\u00f3nio Marcelino, bispo de Aveiro<\/p>\n","protected":false},"excerpt":{"rendered":"<p>Poucos dias depois da calamidade natural que dizimou v\u00e1rios pa\u00edses do sudeste asi\u00e1tico e \u00e0 qual ningu\u00e9m ficou indiferente, a Caritas Diocesana de Aveiro fez, atrav\u00e9s dos p\u00e1rocos, um apelo a todos os crist\u00e3os e comunidades, a favor das v\u00edtimas do maremoto do sudeste asi\u00e1tico. De muitos modos a comunica\u00e7\u00e3o social tem repetido este apelo [&hellip;]<\/p>\n","protected":false},"author":1,"featured_media":0,"comment_status":"open","ping_status":"open","sticky":false,"template":"","format":"standard","meta":{"footnotes":""},"categories":[70],"tags":[],"class_list":["post-16498","post","type-post","status-publish","format-standard","hentry","category-diocese"],"_links":{"self":[{"href":"https:\/\/sites.ecclesia.pt\/cv\/wp-json\/wp\/v2\/posts\/16498","targetHints":{"allow":["GET"]}}],"collection":[{"href":"https:\/\/sites.ecclesia.pt\/cv\/wp-json\/wp\/v2\/posts"}],"about":[{"href":"https:\/\/sites.ecclesia.pt\/cv\/wp-json\/wp\/v2\/types\/post"}],"author":[{"embeddable":true,"href":"https:\/\/sites.ecclesia.pt\/cv\/wp-json\/wp\/v2\/users\/1"}],"replies":[{"embeddable":true,"href":"https:\/\/sites.ecclesia.pt\/cv\/wp-json\/wp\/v2\/comments?post=16498"}],"version-history":[{"count":0,"href":"https:\/\/sites.ecclesia.pt\/cv\/wp-json\/wp\/v2\/posts\/16498\/revisions"}],"wp:attachment":[{"href":"https:\/\/sites.ecclesia.pt\/cv\/wp-json\/wp\/v2\/media?parent=16498"}],"wp:term":[{"taxonomy":"category","embeddable":true,"href":"https:\/\/sites.ecclesia.pt\/cv\/wp-json\/wp\/v2\/categories?post=16498"},{"taxonomy":"post_tag","embeddable":true,"href":"https:\/\/sites.ecclesia.pt\/cv\/wp-json\/wp\/v2\/tags?post=16498"}],"curies":[{"name":"wp","href":"https:\/\/api.w.org\/{rel}","templated":true}]}}