{"id":16681,"date":"2006-04-03T14:44:00","date_gmt":"2006-04-03T14:44:00","guid":{"rendered":"http:\/\/localhost:81\/wp1\/?p=16681"},"modified":"2006-04-03T14:44:00","modified_gmt":"2006-04-03T14:44:00","slug":"mudar-de-vida","status":"publish","type":"post","link":"https:\/\/sites.ecclesia.pt\/cv\/mudar-de-vida\/","title":{"rendered":"Mudar de vida"},"content":{"rendered":"<p>Viv\u00eancias quaresmais <!--more--> A Quaresma\/P\u00e1scoa \u00e9 o tempo mais forte da viv\u00eancia crist\u00e3. Existe para n\u00f3s. Existe porque dele precisamos, homens e mulheres em processo, homens e mulheres em convers\u00e3o. \u201cMudar de vida\u201d pode ser um dos motes deste tempo que come\u00e7ou com o apelo \u201cConverte-te e acredita no Evangelho\u201d. \u201cMudar de vida\u201d n\u00e3o \u00e9 mudar de roupa, apar\u00eancia ou profiss\u00e3o. \u00c9 mudar para aquilo que somos, filhos de Deus, irm\u00e3os em Cristo. Esse \u00e9 o apelo mais forte, com consequ\u00eancias familiares, sociais, lit\u00fargicas, como acentuam as diversas propostas quaresmais. Muito mais se faz pelas par\u00f3quias, dioceses e mundo. O Correio do Vouga mostra algumas dessas propostas, por Jorge Pires Ferreira.<\/p>\n<p>Catequese infantil e grupos de jovens<\/p>\n<p>Constru\u00edda \u00e0 volta do lema diocesano \u201cA Eucaristia gera fraternidade\u201d, as crian\u00e7as e jovens da diocese (e, por extens\u00e3o, os seus familiares), vivem a Quaresma aprofundando a Eucaristia (em cada semana valoriza-se uma parte da Missa: Ritos iniciais, Liturgia da Palavra, Ritos da Comunh\u00e3o&#8230;). A segunda parte da campanha, o Tempo Pascal (as sete semanas depois da P\u00e1scoa),\u00e9 dedicada aos sete dons do Esp\u00edrito Santo (Sabedoria, Entendimento, Ci\u00eancia, Conselho, Fortaleza, Piedade e Temor de Deus).<\/p>\n<p>Durante a Quaresma, em cada uma das semanas h\u00e1 um \u00edcone pr\u00f3prio, que constitui a express\u00e3o pl\u00e1stica da comunidade, podendo ser integrado num painel (quase como um puzzle) a construir no interior das igrejas.<\/p>\n<p>Mas h\u00e1 algumas particularidades quanto \u00e0s idades. As crian\u00e7as s\u00e3o convidadas ajudar os crist\u00e3os da Terra Santa com imagens do Sepulcro de Jesus. Os contributos que as pessoas quiserem dar em troca dessas imagens s\u00e3o depois enviados pelo Secretariado da Catequese, \u00e0 semelhan\u00e7a do que j\u00e1 aconteceu no Natal. Na altura, a venda de imagens e ter\u00e7os permitiu a manuten\u00e7\u00e3o de 130 postos de trabalho durante tr\u00eas meses, conforme referiu ao Correio do Vouga Assun\u00e7\u00e3o Costa, respons\u00e1vel pelo Secretariado da Catequese.<\/p>\n<p>Os jovens disp\u00f5em de um pequeno Di\u00e1rio de Bordo, onde podem escrever alguns pensamentos sobre o que est\u00e3o a viver. O Di\u00e1rio de Bordo d\u00e1 mais algumas informa\u00e7\u00f5es sobre a Quaresma e subs\u00eddios como BD\u2019s, poemas ou a letra de uma m\u00fasica dos Silence 4.<\/p>\n<p>No CUFC o Domingo \u00c9 \u00e0 Quarta-Feira<\/p>\n<p>No Centro Universit\u00e1rio, as viv\u00eancias quaresmais comunit\u00e1rias centram-se na quarta-feira, que, no dizer do Pe Alexandre Cruz, respons\u00e1vel pelo Centro, \u201c\u00e9 o domingo acad\u00e9mico\u201d. O CUFC prop\u00f5e todas as quartas um momento celebrativo e outro cultural. Fazer pontes entre a f\u00e9 e a cultura \u00e9, afinal, o objectivo do CUFC.<\/p>\n<p>As celebra\u00e7\u00f5es das quartas (\u00e0s 18h30) s\u00e3o animadas pelos v\u00e1rios grupos crist\u00e3os (MCE, Lares, escuteiros, grupos de ac\u00e7\u00e3o social, etc.) que frequentam o CUFC. O s\u00edmbolo central desta viv\u00eancia \u00e9 a Mesa. A mesa onde se come (casa, cantina&#8230;), se estuda (casa, biblioteca, universidade&#8230;), se celebra (CUFC, igreja&#8230;). Por isso, a mesa vai sendo posta no hall e na capela do CUFC, ao longo das semanas, primeiro a mesa, depois a toalha, o p\u00e3o, o vinho, a Palavra. O objectivo \u00e9 chegar \u00e0 \u201cMesa do Essencial\u201d, a celebra\u00e7\u00e3o de P\u00e1scoa, que no CUFC \u00e9 celebrada dia 16 de Mar\u00e7o, uma quarta-feira, pois claro, este ano com a presen\u00e7a do Bispo de Aveiro.<\/p>\n<p>O momento cultural de hoje (23 de Fev, \u00e0s 21h) \u00e9 a conversa com Bal Krishna (da Uni\u00e3o Budista Portuguesa), sobre Budismo. O Centro Universit\u00e1rio tem dedicado algumas iniciativas ao di\u00e1logo inter-religioso.<\/p>\n<p>Semana da Fam\u00edlia <\/p>\n<p>na Gl\u00f3ria<\/p>\n<p>Na par\u00f3quia da Gl\u00f3ria, Aveiro, at\u00e9 27 de Fevereiro vive-se a Semana da Fam\u00edlia. Num folheto distribu\u00eddo aos paroquianos, s\u00e3o sugeridos uma frase por dia sobre a Eucaristia, a partir do Carta do Papa, e um gesto simples para viver no lar. Um exemplo:<\/p>\n<p>Quinta-feira, 24 de Fev.: \u201cA Eucaristia \u00e9 Banquete. N\u00e3o h\u00e1 d\u00favida que a dimens\u00e3o mais saliente da Eucaristia \u00e9 a de banquete. A Eucaristia nasceu, na noite de Quinta-feira Santa, no contexto da ceia pascal. Traz por conseguinte inscrito na sua estrutura o sentido da comensalidade (Jo\u00e3o Paulo II)\u201d O gesto para este dia: \u201cRefei\u00e7\u00e3o comum de todos os membros da fam\u00edlia, \u00e0 mesma mesa e mesma hora\u201d.<\/p>\n<p>Todas as fam\u00edlias sabem como por vezes este gesto \u00e9 t\u00e3o dif\u00edcil (tal como o do dia seguinte: \u201cProcurar promover a reconcilia\u00e7\u00e3o entre pessoas desavindas\u201d). Quaresma pode ser sin\u00f3nimo de renova\u00e7\u00e3o familiar. <\/p>\n<p>Brasil em solidariedade e Paz<\/p>\n<p>\u201cA imagem da menina foi escolhida porque parece n\u00e3o haver nada mais puro e sincero que o sorriso de uma crian\u00e7a. Seus sonhos e desejos s\u00e3o transmitidos num olhar de carinho, que clama por cuidado, protec\u00e7\u00e3o e amor. Seus longos bra\u00e7os abertos abra\u00e7am uma importante causa, tornando-a receptiva a qualquer pessoa que queira construir algo diferente da viol\u00eancia geral em que vivemos hoje em dia. O desenho estilizado, em vez de fotografia realista, faz da crian\u00e7a a imagem de todas as crian\u00e7as ou de todas as pessoas, sem identifica\u00e7\u00e3o espec\u00edfica de classe ou etnia\u201d. Assim descreve Elaine Carvalho o cartaz da Campanha da Fraternidade 2002<\/p>\n<p>Todos os anos a Campanha da Fraternidade \u00e9 verdadeiramente um acontecimento eclesial e o civil no Brasil, ao ponto do Papa dirigir uma mensagem especial a prop\u00f3sito da campanha. A de 2005 tem como tema \u201cFelizes os que promovem a paz\u201d e tem em vista a elimina\u00e7\u00e3o de todos os tipos de viol\u00eancia. \u201cS\u00e3o tr\u00eas os principais aspectos envolvidos na CF de 2005: a viol\u00eancia, a solidariedade e a paz. No Brasil e no mundo inteiro h\u00e1 muitos tipos de viol\u00eancia. S\u00f3 em 2002, no Brasil, houve cerca de 40 mil mortes por arma de fogo! H\u00e1 viol\u00eancia na fam\u00edlia, nas rela\u00e7\u00f5es sociais, nas ac\u00e7\u00f5es de indiv\u00edduos ou grupos do crime organizado; e h\u00e1 muita viol\u00eancia nas rela\u00e7\u00f5es internacionais, nas guerras e no terrorismo. O resultado disso tudo \u00e9 a inseguran\u00e7a crescente, a constru\u00e7\u00e3o de barreiras e muros, o \u00f3dio, a busca de vingan\u00e7a, tanto sofrimento e a perda da paz\u201d, diz D. Od\u00edlio Scherer, bispo auxiliar de S. Paulo. <\/p>\n<p>A Campanha \u00e9 ecum\u00e9nica, ou seja, \u00e9 promovida e vivida por v\u00e1rias confiss\u00f5es crist\u00e3s, e concretiza-se em todas as dimens\u00f5es da vida crist\u00e3. Todos os anos \u00e9 elaborado uma \u201cesp\u00e9cie de manual\u201d de centenas de p\u00e1ginas e que abarca uma grande variedade de espa\u00e7os, tempos e atitudes. <\/p>\n<p>Para saber mais, pode consultar o site dos bispos brasileiros: www.cnbb.org.br<\/p>\n<p>Espanha passa 40 dias com os mais pobres do mundo<\/p>\n<p>Trazer para a ora\u00e7\u00e3o de cada dia da Quaresma um pa\u00eds dos 40 mais pobres do mundo \u00e9 o objectivo de uma iniciativa com origem em Espanha. A justifica\u00e7\u00e3o \u00e9 retirada do Missal: \u201cQuaresma, quarenta dias a caminho da Crus e da gl\u00f3ria da P\u00e1scoa (&#8230;). Tempo oportuno para reflectir e corrigir. Tempo para rever a situa\u00e7\u00e3o concreta em que vive a sociedade e tomar uma posi\u00e7\u00e3o diante das estruturas de injusti\u00e7a, opress\u00e3o e pecado que rodeiam o ser humano\u201d. Assim, esta iniciativa prop\u00f5e que, seguindo a lista da ONU sobre o desenvolvimento dos pa\u00edses, se comece no primeiro dia a Quaresma a rezar pelos menos desenvolvido. Ao chegar \u00e0 P\u00e1scoa, teremos rezado pelos quarenta pa\u00edses mais pobres. Mas trata-se apenas de rezar? N\u00e3o. Diz o gui\u00e3o: \u201cInterrogamo-nos porque s\u00e3o pobres, como s\u00e3o os mecanismos de desenvolvimento e subdesenvolvimento, e interrogamo-nos tamb\u00e9m sobre o que podemos fazer perante estas desigualdades\u201d. O gui\u00e3o desta campanha quaresmal \u00e9 constitu\u00eddo por qua-renta fichas com dados estat\u00edsticos e casos pessoais, a fim de conhecermos os tais pa\u00edses. A Guin\u00e9 Bissau \u00e9 um deles, apresentado com um poema de Juli\u00e3o Soares.<\/p>\n<p>CANTOS DO MEU PA\u00cdS<\/p>\n<p>Canto as m\u00e3os que foram escravas<\/p>\n<p>nas gal\u00e9s<\/p>\n<p>corpos acorrentados a chicote<\/p>\n<p>nas am\u00e9ricas<\/p>\n<p>Canto cantos tristes<\/p>\n<p>do meu Pa\u00eds<\/p>\n<p>cansado de esperar<\/p>\n<p>a chuva que tarde a chegar<\/p>\n<p>Canto a P\u00e1tria moribunda<\/p>\n<p>que abandonou a luta<\/p>\n<p>calou seus gritos<\/p>\n<p>mas n\u00e3o domou suas esperan\u00e7as<\/p>\n<p>Canto as horas amargas<\/p>\n<p>de sil\u00eancio profundo<\/p>\n<p>cantos que v\u00eam da raiz<\/p>\n<p>de outro mundo<\/p>\n<p>estes grilh\u00f5es que ainda det\u00eam<\/p>\n<p>a marcha do meu Pa\u00eds<\/p>\n<p>O gui\u00e3o da campanha e outros documentos e informa\u00e7\u00f5es est\u00e3o dispon\u00edveis em http:\/\/www.marianistas.org\/justiciaypaz\/cuaresma<\/p>\n","protected":false},"excerpt":{"rendered":"<p>Viv\u00eancias quaresmais<\/p>\n","protected":false},"author":1,"featured_media":0,"comment_status":"open","ping_status":"open","sticky":false,"template":"","format":"standard","meta":{"footnotes":""},"categories":[38],"tags":[],"class_list":["post-16681","post","type-post","status-publish","format-standard","hentry","category-destaque"],"_links":{"self":[{"href":"https:\/\/sites.ecclesia.pt\/cv\/wp-json\/wp\/v2\/posts\/16681","targetHints":{"allow":["GET"]}}],"collection":[{"href":"https:\/\/sites.ecclesia.pt\/cv\/wp-json\/wp\/v2\/posts"}],"about":[{"href":"https:\/\/sites.ecclesia.pt\/cv\/wp-json\/wp\/v2\/types\/post"}],"author":[{"embeddable":true,"href":"https:\/\/sites.ecclesia.pt\/cv\/wp-json\/wp\/v2\/users\/1"}],"replies":[{"embeddable":true,"href":"https:\/\/sites.ecclesia.pt\/cv\/wp-json\/wp\/v2\/comments?post=16681"}],"version-history":[{"count":0,"href":"https:\/\/sites.ecclesia.pt\/cv\/wp-json\/wp\/v2\/posts\/16681\/revisions"}],"wp:attachment":[{"href":"https:\/\/sites.ecclesia.pt\/cv\/wp-json\/wp\/v2\/media?parent=16681"}],"wp:term":[{"taxonomy":"category","embeddable":true,"href":"https:\/\/sites.ecclesia.pt\/cv\/wp-json\/wp\/v2\/categories?post=16681"},{"taxonomy":"post_tag","embeddable":true,"href":"https:\/\/sites.ecclesia.pt\/cv\/wp-json\/wp\/v2\/tags?post=16681"}],"curies":[{"name":"wp","href":"https:\/\/api.w.org\/{rel}","templated":true}]}}