{"id":16682,"date":"2006-04-03T14:44:00","date_gmt":"2006-04-03T14:44:00","guid":{"rendered":"http:\/\/localhost:81\/wp1\/?p=16682"},"modified":"2006-04-03T14:44:00","modified_gmt":"2006-04-03T14:44:00","slug":"e-facil-levar-a-vida-a-missa","status":"publish","type":"post","link":"https:\/\/sites.ecclesia.pt\/cv\/e-facil-levar-a-vida-a-missa\/","title":{"rendered":"\u00c9 f\u00e1cil levar a vida \u00e0 Missa?"},"content":{"rendered":"<p>Catequeses Quaresmais <!--more--> Apanhar Sol. \u00c9 f\u00e1cil levar a vida \u00e0 Missa? A pergunta surgiu na segunda parte da primeira catequese quaresmal deste ano do Bispo de Aveiro. E por algumas respostas que as pessoas foram titubeando, a sensibilidade dominante parecia ser: \u201cMas n\u00e3o temos que deixar fora os problemas, as preocupa\u00e7\u00f5es, os anseios, para podermos participar em paz na Missa?\u201d<\/p>\n<p>A resposta de D. Ant\u00f3nio: \u201cSe n\u00e3o levo a minha vida, ela n\u00e3o \u00e9 iluminada. A vida dos crist\u00e3os fica \u00e0s manchas quando assim \u00e9. \u00c9 como apanhar sol apenas no rosto\u201d. E o resto do corpo?<\/p>\n<p>C\u00e1bula na Missa. Afinal, a pr\u00f3pria Eucaristia, com momentos de perd\u00e3o e gratid\u00e3o, arrependimento e ac\u00e7\u00e3o de gra\u00e7as, reflex\u00e3o e louvor, \u00e9 um convite \u00e0 vida toda, o que levou D. Ant\u00f3nio a deixar uma sugest\u00e3o curiosa: \u201cQuando vou ao hipermercado n\u00e3o levo uma lista do que preciso? N\u00e3o ficaria mal levar uma c\u00e1bula das minhas coisas [sonhos, medos, pedidos, louvores, enfim, a vida] para a missa&#8230;\u201d<\/p>\n<p>Trabalho de casa. \u201cA Eucaristia prepara-se em casa, revendo a vida da semana e tomando consci\u00eancia do momento concreto em que cada um se encontra ao ir celebrar a Eucaristia. Tomar a vida pela m\u00e3o, captar o louvor que ela comporta por batalhas vencidas, dificuldades ultrapassadas, perplexidades e cansa\u00e7os, falhas e pecados. Tudo isto \u00e9 para ir \u00e0 missa connosco. Tudo se vai processar em vida assumida pelo Senhor para a salvar, lhe dar sentido e luz, for\u00e7a e valor\u201d, l\u00ea-se na folha distribu\u00edda aos participantes no encontro. Noutra passagem afirmava-se: \u201cA Eucaristia s\u00f3 atinge a vida, quando a vida est\u00e1 na Eucaristia. A Eucaristia faz a Igreja e a Igreja faz da vida uma Eucaristia viva.\u201d<\/p>\n<p>Ema\u00fas e Moita. A Eucaristia que Jesus celebrou com alguns disc\u00edpulos em Ema\u00fas deve ter sido a segunda da hist\u00f3ria. (A primeira foi a \u00daltima Ceia de Jesus.) Para chegar \u00e0 celebra\u00e7\u00e3o, Jesus caminhou com os disc\u00edpulos. \u201cEntrou no seu caminho, perguntou, escutou, explicou&#8230; Levou-os a tomar consci\u00eancia da sua realidade existencial e a verbaliz\u00e1-la\u201d, disse D. Ant\u00f3nio. No final do epis\u00f3dio de Ema\u00fas, os disc\u00edpulos reconheceram o Mestre e \u201cn\u00e3o mais falaram de cansa\u00e7o nem de noite avan\u00e7ada. No regresso comunicaram a sua alegria e receberam o testemunho de alegria dos outros: \u2018Realmente o Senhor ressuscitou\u2019\u201d. No final da primeira catequese deste ano, uma senhora da Moita (Anadia, extremo da diocese) elevou a voz para agradecer espontaneamente ao Bispo de Aveiro a ilumina\u00e7\u00e3o que sentiu no encontro, como ali\u00e1s era vis\u00edvel noutras pessoas. A Palavra que iluminou Ema\u00fas voltou a brilhar.<\/p>\n<p>As catequeses quaresmais acontecem \u00e0 sexta-feira, \u00e0s 21h15, no Sal\u00e3o de S. Domingos (ao lado da S\u00e9, por cima da livraria Santa Joana). A entrada \u00e9 livre. Na pr\u00f3xima sexta o tema \u00e9 \u201cConvocados como filhos de Deus. Para qu\u00ea? Um encontro que exige purifica\u00e7\u00e3o\u201d.<\/p>\n","protected":false},"excerpt":{"rendered":"<p>Catequeses Quaresmais<\/p>\n","protected":false},"author":1,"featured_media":0,"comment_status":"open","ping_status":"open","sticky":false,"template":"","format":"standard","meta":{"footnotes":""},"categories":[38],"tags":[],"class_list":["post-16682","post","type-post","status-publish","format-standard","hentry","category-destaque"],"_links":{"self":[{"href":"https:\/\/sites.ecclesia.pt\/cv\/wp-json\/wp\/v2\/posts\/16682","targetHints":{"allow":["GET"]}}],"collection":[{"href":"https:\/\/sites.ecclesia.pt\/cv\/wp-json\/wp\/v2\/posts"}],"about":[{"href":"https:\/\/sites.ecclesia.pt\/cv\/wp-json\/wp\/v2\/types\/post"}],"author":[{"embeddable":true,"href":"https:\/\/sites.ecclesia.pt\/cv\/wp-json\/wp\/v2\/users\/1"}],"replies":[{"embeddable":true,"href":"https:\/\/sites.ecclesia.pt\/cv\/wp-json\/wp\/v2\/comments?post=16682"}],"version-history":[{"count":0,"href":"https:\/\/sites.ecclesia.pt\/cv\/wp-json\/wp\/v2\/posts\/16682\/revisions"}],"wp:attachment":[{"href":"https:\/\/sites.ecclesia.pt\/cv\/wp-json\/wp\/v2\/media?parent=16682"}],"wp:term":[{"taxonomy":"category","embeddable":true,"href":"https:\/\/sites.ecclesia.pt\/cv\/wp-json\/wp\/v2\/categories?post=16682"},{"taxonomy":"post_tag","embeddable":true,"href":"https:\/\/sites.ecclesia.pt\/cv\/wp-json\/wp\/v2\/tags?post=16682"}],"curies":[{"name":"wp","href":"https:\/\/api.w.org\/{rel}","templated":true}]}}