{"id":16683,"date":"2006-04-03T14:44:00","date_gmt":"2006-04-03T14:44:00","guid":{"rendered":"http:\/\/localhost:81\/wp1\/?p=16683"},"modified":"2006-04-03T14:44:00","modified_gmt":"2006-04-03T14:44:00","slug":"a-caridade-e-o-melhor-investimento","status":"publish","type":"post","link":"https:\/\/sites.ecclesia.pt\/cv\/a-caridade-e-o-melhor-investimento\/","title":{"rendered":"A caridade \u00e9 o melhor investimento"},"content":{"rendered":"<p>Dia Nacional da C\u00e1ritas <!--more--> \u201cPartilha o P\u00e3o, constr\u00f3i a justi\u00e7a\u201d \u00e9 o lema do Dia Nacional da C\u00e1ritas, a celebrar no pr\u00f3ximo dia 27 de Fevereiro. Na diocese, a C\u00e1ritas promove um pedit\u00f3rio p\u00fablico nos dias 24, 25 e 26 de Fevereiro. Os ofert\u00f3rios das missas do pr\u00f3ximo domingo, 27 de Fevereiro, revertem a favor das C\u00e1ritas paroquiais e diocesana.<\/p>\n<p>A C\u00e1ritas existe para promover a caridade em todas as suas formas: ajuda, partilha de bens, forma\u00e7\u00e3o de grupos atentos \u00e0s necessidades dos desfavorecidos, servi\u00e7os de ac\u00e7\u00e3o social\u2026<\/p>\n<p>Em tempo de Quaresma, \u00e9 bom lembrar que a ren\u00fancia em favor dos mais pobres \u00e9 uma forma de fazer justi\u00e7a e caminhar na convers\u00e3o. Afinal, a caridade \u00e9 o melhor investimento.<\/p>\n<p>Ainda \u00e9 poss\u00edvel contribuir<\/p>\n<p>Entretanto, a Caritas portuguesa resolveu prolongar a campanha de solidariedade pelo sudeste asi\u00e1tico. Diz o comunicado da Caritas Portuguesa que \u201ca onda de solidariedade gerada em Portugal pelo Tsunami na \u00c1sia foi de tal forma impressionante que a direc\u00e7\u00e3o decidiu prolongar, por mais 60 dias, a conta banc\u00e1ria aberta expressamente para a recolha de donativos\u201d.<\/p>\n<p>D. Jos\u00e9 Alves, bispo respons\u00e1vel pelo sector s\u00f3cio-caritavivo, acrescenta que \u201cem todas estas campanhas, o povo portugu\u00eas deu provas de que \u00e9 um povo solid\u00e1rio. Mesmo quando, em virtude da frequ\u00eancia, era de esperar que se manifestasse o efeito satura\u00e7\u00e3o, ele n\u00e3o se fez sentir. A correspond\u00eancia do povo ultrapassou sempre as expectativas dos promotores das campanhas\u201d.<\/p>\n<p>Recordamos que a conta C\u00e1ritas Ajuda \u00e0s V\u00edtimas do Sudeste Asi\u00e1tico\u201d tem o n\u00ba 0035.0697.00630917930.82 (CGD).<\/p>\n","protected":false},"excerpt":{"rendered":"<p>Dia Nacional da C\u00e1ritas<\/p>\n","protected":false},"author":1,"featured_media":0,"comment_status":"open","ping_status":"open","sticky":false,"template":"","format":"standard","meta":{"footnotes":""},"categories":[38],"tags":[],"class_list":["post-16683","post","type-post","status-publish","format-standard","hentry","category-destaque"],"_links":{"self":[{"href":"https:\/\/sites.ecclesia.pt\/cv\/wp-json\/wp\/v2\/posts\/16683","targetHints":{"allow":["GET"]}}],"collection":[{"href":"https:\/\/sites.ecclesia.pt\/cv\/wp-json\/wp\/v2\/posts"}],"about":[{"href":"https:\/\/sites.ecclesia.pt\/cv\/wp-json\/wp\/v2\/types\/post"}],"author":[{"embeddable":true,"href":"https:\/\/sites.ecclesia.pt\/cv\/wp-json\/wp\/v2\/users\/1"}],"replies":[{"embeddable":true,"href":"https:\/\/sites.ecclesia.pt\/cv\/wp-json\/wp\/v2\/comments?post=16683"}],"version-history":[{"count":0,"href":"https:\/\/sites.ecclesia.pt\/cv\/wp-json\/wp\/v2\/posts\/16683\/revisions"}],"wp:attachment":[{"href":"https:\/\/sites.ecclesia.pt\/cv\/wp-json\/wp\/v2\/media?parent=16683"}],"wp:term":[{"taxonomy":"category","embeddable":true,"href":"https:\/\/sites.ecclesia.pt\/cv\/wp-json\/wp\/v2\/categories?post=16683"},{"taxonomy":"post_tag","embeddable":true,"href":"https:\/\/sites.ecclesia.pt\/cv\/wp-json\/wp\/v2\/tags?post=16683"}],"curies":[{"name":"wp","href":"https:\/\/api.w.org\/{rel}","templated":true}]}}