{"id":16684,"date":"2006-04-03T14:44:00","date_gmt":"2006-04-03T14:44:00","guid":{"rendered":"http:\/\/localhost:81\/wp1\/?p=16684"},"modified":"2006-04-03T14:44:00","modified_gmt":"2006-04-03T14:44:00","slug":"distrito-de-aveiro-com-oitocentas-queixas","status":"publish","type":"post","link":"https:\/\/sites.ecclesia.pt\/cv\/distrito-de-aveiro-com-oitocentas-queixas\/","title":{"rendered":"Distrito de Aveiro com oitocentas queixas"},"content":{"rendered":"<p>&#8220;Estrada Larga&#8221; debateu viol\u00eancia dom\u00e9stica <!--more--> No Distrito de Aveiro foram efectuadas, no ano 2000, cerca de oitocentas queixas por viol\u00eancia dom\u00e9stica, de acordo com as estat\u00edsticas publicadas pelo Minist\u00e9rio da Administra\u00e7\u00e3o Interna, e que foram divulgadas no semin\u00e1rio \u201cViol\u00eancia dom\u00e9stica: educa\u00e7\u00e3o para a sa\u00fade\u201d, que decorreu na Universidade de Aveiro, por iniciativa da \u201cEstrada Larga\u201d.<\/p>\n<p>No ano de 2000, as estat\u00edsticas referem que, em todo o Pa\u00eds, o n\u00famero de queixas registadas devido a viol\u00eancia dom\u00e9stica eleva-se a 11.755, pelo que o distrito de Aveiro \u00e9 respons\u00e1vel por cerca de sete por cento desses casos.<\/p>\n<p>No semin\u00e1rio foi tamb\u00e9m apresentado o segundo Plano Nacional Contra a Viol\u00eancia Dom\u00e9stica 2003 \u2013 2006, documento elaborado pela Comiss\u00e3o para a Igualdade e para os Direitos das Mulheres, e aprovado pelo Conselho de Ministros, no dia 13 de Junho de 2003.<\/p>\n<p>Esse Plano Nacional define a viol\u00eancia dom\u00e9stica como sendo \u201co tipo de viol\u00eancia que ocorre entre membros de uma mesma fam\u00edlia ou que partilham o mesmo espa\u00e7o de habita\u00e7\u00e3o\u201d, motivos que fazem com que \u201ceste seja um problema especialmente complexo, com facetas que entram na intimidade das fam\u00edlias e das pessoas\u201d. Por isso, \u201cabord\u00e1-lo \u00e9 delicado, combat\u00ea-lo \u00e9 muito dif\u00edcil\u201d.<\/p>\n<p>Apesar disso, o Conselho da Europa revela que \u201ca viol\u00eancia contra as mulheres no espa\u00e7o dom\u00e9stico \u00e9 a maior causa de morte e invalidez entre mulheres dos 16 aos 44 anos, ultrapassando o cancro, acidentes de via\u00e7\u00e3o e at\u00e9 a guerra\u201d.<\/p>\n<p>A Estrada Larga \u00e9 um projecto do Soroptimist Internacional Clube do Porto \u2013 Invicta, aprovado pela Comiss\u00e3o para a Igualdade e para os Direitos das Mulheres, que tem um prazo de dura\u00e7\u00e3o de dezoito meses (que termina no pr\u00f3ximo m\u00eas de Mar\u00e7o), apoiado financeiramente pelo Fundo Social Europeu.<\/p>\n","protected":false},"excerpt":{"rendered":"<p>&#8220;Estrada Larga&#8221; debateu viol\u00eancia dom\u00e9stica<\/p>\n","protected":false},"author":1,"featured_media":0,"comment_status":"open","ping_status":"open","sticky":false,"template":"","format":"standard","meta":{"footnotes":""},"categories":[63],"tags":[],"class_list":["post-16684","post","type-post","status-publish","format-standard","hentry","category-aveiro"],"_links":{"self":[{"href":"https:\/\/sites.ecclesia.pt\/cv\/wp-json\/wp\/v2\/posts\/16684","targetHints":{"allow":["GET"]}}],"collection":[{"href":"https:\/\/sites.ecclesia.pt\/cv\/wp-json\/wp\/v2\/posts"}],"about":[{"href":"https:\/\/sites.ecclesia.pt\/cv\/wp-json\/wp\/v2\/types\/post"}],"author":[{"embeddable":true,"href":"https:\/\/sites.ecclesia.pt\/cv\/wp-json\/wp\/v2\/users\/1"}],"replies":[{"embeddable":true,"href":"https:\/\/sites.ecclesia.pt\/cv\/wp-json\/wp\/v2\/comments?post=16684"}],"version-history":[{"count":0,"href":"https:\/\/sites.ecclesia.pt\/cv\/wp-json\/wp\/v2\/posts\/16684\/revisions"}],"wp:attachment":[{"href":"https:\/\/sites.ecclesia.pt\/cv\/wp-json\/wp\/v2\/media?parent=16684"}],"wp:term":[{"taxonomy":"category","embeddable":true,"href":"https:\/\/sites.ecclesia.pt\/cv\/wp-json\/wp\/v2\/categories?post=16684"},{"taxonomy":"post_tag","embeddable":true,"href":"https:\/\/sites.ecclesia.pt\/cv\/wp-json\/wp\/v2\/tags?post=16684"}],"curies":[{"name":"wp","href":"https:\/\/api.w.org\/{rel}","templated":true}]}}