{"id":16685,"date":"2006-04-03T14:44:00","date_gmt":"2006-04-03T14:44:00","guid":{"rendered":"http:\/\/localhost:81\/wp1\/?p=16685"},"modified":"2006-04-03T14:44:00","modified_gmt":"2006-04-03T14:44:00","slug":"ceramica-aveirense-exposta-nos-eua","status":"publish","type":"post","link":"https:\/\/sites.ecclesia.pt\/cv\/ceramica-aveirense-exposta-nos-eua\/","title":{"rendered":"Cer\u00e2mica aveirense exposta nos EUA"},"content":{"rendered":"<p>A galeria Dana Library da Rutgers University, no estado norte americano de New Jersey, vai apresentar, entre 24 de Fevereiro e 29 de Abril, a exposi\u00e7\u00e3o \u201cA cer\u00e2mica portuguesa no per\u00edodo Arte D\u00e9co\u201d, a qual apresenta ao p\u00fablico cerca de 180 pe\u00e7as de cer\u00e2mica, entre porcelanas e faian\u00e7as, produzidas por vinte f\u00e1bricas portuguesas, no per\u00edodo de 1924 a 1947.<\/p>\n<p>Esta exposi\u00e7\u00e3o \u00e9 o resultado de um trabalho conjunto do Instituto Cam\u00f5es, do programa Estudos Portugueses e do Mundo Lus\u00f3fono daquela universidade americana, da Dana Library e do Museu de Cer\u00e2mica de Sacav\u00e9m. Entre 9 de Julho de 2005 e 6 de Janeiro de 2006, a exposi\u00e7\u00e3o poder\u00e1 ser vista neste museu portugu\u00eas.<\/p>\n<p>Para al\u00e9m de pe\u00e7as produzidas na F\u00e1brica de Sacav\u00e9m, a mostra inclui cer\u00e2mica com marcas aveirenses (Aleluia e a extinta Fonte Nova) e ilhavense (Vista Alegre). Entre outras, est\u00e3o presentes ainda pe\u00e7as da Candal, Carvalhinho, CF, Estatu\u00e1ria, F\u00e1brica Soares dos Reis, Faian\u00e7as Gal, Lusit\u00e2nia (de Coimbra e de Lisboa), Macedo, Massarelos, OAL, Ra\u00fal da Bernarda e Sociedade de Porcelanas.<\/p>\n","protected":false},"excerpt":{"rendered":"<p>A galeria Dana Library da Rutgers University, no estado norte americano de New Jersey, vai apresentar, entre 24 de Fevereiro e 29 de Abril, a exposi\u00e7\u00e3o \u201cA cer\u00e2mica portuguesa no per\u00edodo Arte D\u00e9co\u201d, a qual apresenta ao p\u00fablico cerca de 180 pe\u00e7as de cer\u00e2mica, entre porcelanas e faian\u00e7as, produzidas por vinte f\u00e1bricas portuguesas, no per\u00edodo [&hellip;]<\/p>\n","protected":false},"author":1,"featured_media":0,"comment_status":"open","ping_status":"open","sticky":false,"template":"","format":"standard","meta":{"footnotes":""},"categories":[63],"tags":[],"class_list":["post-16685","post","type-post","status-publish","format-standard","hentry","category-aveiro"],"_links":{"self":[{"href":"https:\/\/sites.ecclesia.pt\/cv\/wp-json\/wp\/v2\/posts\/16685","targetHints":{"allow":["GET"]}}],"collection":[{"href":"https:\/\/sites.ecclesia.pt\/cv\/wp-json\/wp\/v2\/posts"}],"about":[{"href":"https:\/\/sites.ecclesia.pt\/cv\/wp-json\/wp\/v2\/types\/post"}],"author":[{"embeddable":true,"href":"https:\/\/sites.ecclesia.pt\/cv\/wp-json\/wp\/v2\/users\/1"}],"replies":[{"embeddable":true,"href":"https:\/\/sites.ecclesia.pt\/cv\/wp-json\/wp\/v2\/comments?post=16685"}],"version-history":[{"count":0,"href":"https:\/\/sites.ecclesia.pt\/cv\/wp-json\/wp\/v2\/posts\/16685\/revisions"}],"wp:attachment":[{"href":"https:\/\/sites.ecclesia.pt\/cv\/wp-json\/wp\/v2\/media?parent=16685"}],"wp:term":[{"taxonomy":"category","embeddable":true,"href":"https:\/\/sites.ecclesia.pt\/cv\/wp-json\/wp\/v2\/categories?post=16685"},{"taxonomy":"post_tag","embeddable":true,"href":"https:\/\/sites.ecclesia.pt\/cv\/wp-json\/wp\/v2\/tags?post=16685"}],"curies":[{"name":"wp","href":"https:\/\/api.w.org\/{rel}","templated":true}]}}