{"id":16686,"date":"2006-04-03T14:44:00","date_gmt":"2006-04-03T14:44:00","guid":{"rendered":"http:\/\/localhost:81\/wp1\/?p=16686"},"modified":"2006-04-03T14:44:00","modified_gmt":"2006-04-03T14:44:00","slug":"visitas-de-campo-da-quercus","status":"publish","type":"post","link":"https:\/\/sites.ecclesia.pt\/cv\/visitas-de-campo-da-quercus\/","title":{"rendered":"Visitas de campo da Quercus"},"content":{"rendered":"<p>O N\u00facleo Regional de Aveiro da Quercus \u2013 Associa\u00e7\u00e3o Nacional de Conserva\u00e7\u00e3o da Natureza vai realizar, em 2005, diversas sa\u00eddas de campo na regi\u00e3o, visitas abertas tamb\u00e9m a n\u00e3o associados, a primeira das quais ir\u00e1 decorrer no dia 19 de Mar\u00e7o, com um percurso pedestre pelo Baixo Vouga Lagunar.<\/p>\n<p>Em 16 de Abril, ter\u00e1 lugar uma inspec\u00e7\u00e3o costeira entre a Vagueira e o Are\u00e3o, enquanto que uma visita \u00e0 Mata Nacional do Bu\u00e7aco ir\u00e1 decorrer em 7 de Maio. Ainda nesse m\u00eas (dia 21), haver\u00e1 a XIV Rota das Cegonhas, um passeio de bicicleta, pela zona do Baixo Vouga Lagunar, para observar os ninhos e os juvenis da cegonha-branca. <\/p>\n<p>O Baixo Vouga Lagunar \u00e9 o lugar escolhido para realiza\u00e7\u00e3o de um passeio pedestre, a efectuar no dia 18 de Junho. Para o dia 7 de Julho, est\u00e1 marcado um passeio de barco moliceiro pela ria de Aveiro. <\/p>\n<p>Ap\u00f3s as f\u00e9rias de Agosto, o programa \u00e9 retomado no dia 10 de Setembro, com a realiza\u00e7\u00e3o de um passeio pedestre pela serra de S. Mac\u00e1rio, entre a aldeia de Pena e Covas do Monte. No primeiro dia do m\u00eas seguinte, a visita ter\u00e1 por alvo um bosque nativo na zona de Belazaima do Ch\u00e3o (\u00c1gueda). Ainda em Outubro (dia 15), haver\u00e1 mais um percurso pedestre pelo Baixo Vouga Lagunar.<\/p>\n","protected":false},"excerpt":{"rendered":"<p>O N\u00facleo Regional de Aveiro da Quercus \u2013 Associa\u00e7\u00e3o Nacional de Conserva\u00e7\u00e3o da Natureza vai realizar, em 2005, diversas sa\u00eddas de campo na regi\u00e3o, visitas abertas tamb\u00e9m a n\u00e3o associados, a primeira das quais ir\u00e1 decorrer no dia 19 de Mar\u00e7o, com um percurso pedestre pelo Baixo Vouga Lagunar. Em 16 de Abril, ter\u00e1 lugar [&hellip;]<\/p>\n","protected":false},"author":1,"featured_media":0,"comment_status":"open","ping_status":"open","sticky":false,"template":"","format":"standard","meta":{"footnotes":""},"categories":[63],"tags":[],"class_list":["post-16686","post","type-post","status-publish","format-standard","hentry","category-aveiro"],"_links":{"self":[{"href":"https:\/\/sites.ecclesia.pt\/cv\/wp-json\/wp\/v2\/posts\/16686","targetHints":{"allow":["GET"]}}],"collection":[{"href":"https:\/\/sites.ecclesia.pt\/cv\/wp-json\/wp\/v2\/posts"}],"about":[{"href":"https:\/\/sites.ecclesia.pt\/cv\/wp-json\/wp\/v2\/types\/post"}],"author":[{"embeddable":true,"href":"https:\/\/sites.ecclesia.pt\/cv\/wp-json\/wp\/v2\/users\/1"}],"replies":[{"embeddable":true,"href":"https:\/\/sites.ecclesia.pt\/cv\/wp-json\/wp\/v2\/comments?post=16686"}],"version-history":[{"count":0,"href":"https:\/\/sites.ecclesia.pt\/cv\/wp-json\/wp\/v2\/posts\/16686\/revisions"}],"wp:attachment":[{"href":"https:\/\/sites.ecclesia.pt\/cv\/wp-json\/wp\/v2\/media?parent=16686"}],"wp:term":[{"taxonomy":"category","embeddable":true,"href":"https:\/\/sites.ecclesia.pt\/cv\/wp-json\/wp\/v2\/categories?post=16686"},{"taxonomy":"post_tag","embeddable":true,"href":"https:\/\/sites.ecclesia.pt\/cv\/wp-json\/wp\/v2\/tags?post=16686"}],"curies":[{"name":"wp","href":"https:\/\/api.w.org\/{rel}","templated":true}]}}