{"id":16691,"date":"2006-04-03T14:44:00","date_gmt":"2006-04-03T14:44:00","guid":{"rendered":"http:\/\/localhost:81\/wp1\/?p=16691"},"modified":"2006-04-03T14:44:00","modified_gmt":"2006-04-03T14:44:00","slug":"turismo-de-habitacao-em-mogofores","status":"publish","type":"post","link":"https:\/\/sites.ecclesia.pt\/cv\/turismo-de-habitacao-em-mogofores\/","title":{"rendered":"Turismo de habita\u00e7\u00e3o em Mogofores"},"content":{"rendered":"<p>Anadia <!--more--> Em Mar\u00e7o, a \u201cCasa de Mogofores\u201d, datada de 1876, que pertenceu a Albano Coutinho (filho), e actualmente \u00e9 propriedade de Carlos Campolargo, vai abrir as suas portas ao turismo, na categoria de \u00abturismo de habita\u00e7\u00e3o\u00bb.<\/p>\n<p>No edif\u00edcio principal, os turistas disp\u00f5em de quatro quartos com casa de banho, piscina aquecida coberta com sol\u00e1rio, banho turco, gin\u00e1sio, biblioteca e salas de conv\u00edvio. No espa\u00e7o anexo, h\u00e1 mais tr\u00eas apartamentos equipados com cozinha, sala, casa de banho e quarto.<\/p>\n<p>Em frente \u00e0 casa, numa antiga taberna, ir\u00e1 surgir um restaurante, com capacidade para trinta e cinco comensais, que ir\u00e1 apostar, ao almo\u00e7o, na cozinha caseira, enquanto que ao jantar (sexta e s\u00e1bado), a ementa ser\u00e1 a requintada gastronomia internacional.<\/p>\n<p>A fam\u00edlia Campolargo, com larga tradi\u00e7\u00e3o na produ\u00e7\u00e3o de vinhos, est\u00e1 a erguer uma moderna adega em S. Louren\u00e7o do Bairro, estrutura que ser\u00e1 uma mais valia, como motivo de visita, para a oferta tur\u00edstica da \u201cCasa de Mogofores\u201d.<\/p>\n<p>Albano Coutinho (filho) fixou resid\u00eancia em Mogofores, no ano de 1876, ap\u00f3s ter deixado, em Lisboa, uma carreira de jornalista pol\u00edtico pautada pela defesa dos valores democr\u00e1ticos e republica-nos. Ap\u00f3s a revolu\u00e7\u00e3o de 5 de Outubro, que implantou a rep\u00fablica, foi o primeiro governador civil de Aveiro, e desempenhou uma ac\u00e7\u00e3o decisiva na cria\u00e7\u00e3o da Escola Pr\u00e1tica de Agricultura (sediada em Anadia) e na reformula\u00e7\u00e3o da Esta\u00e7\u00e3o de Fomento Agr\u00edcola de Anadia. Teve tamb\u00e9m um papel fundamental na cria\u00e7\u00e3o da est\u00e2ncia termal da Curia.<\/p>\n","protected":false},"excerpt":{"rendered":"<p>Anadia<\/p>\n","protected":false},"author":1,"featured_media":0,"comment_status":"open","ping_status":"open","sticky":false,"template":"","format":"standard","meta":{"footnotes":""},"categories":[45],"tags":[],"class_list":["post-16691","post","type-post","status-publish","format-standard","hentry","category-regioes"],"_links":{"self":[{"href":"https:\/\/sites.ecclesia.pt\/cv\/wp-json\/wp\/v2\/posts\/16691","targetHints":{"allow":["GET"]}}],"collection":[{"href":"https:\/\/sites.ecclesia.pt\/cv\/wp-json\/wp\/v2\/posts"}],"about":[{"href":"https:\/\/sites.ecclesia.pt\/cv\/wp-json\/wp\/v2\/types\/post"}],"author":[{"embeddable":true,"href":"https:\/\/sites.ecclesia.pt\/cv\/wp-json\/wp\/v2\/users\/1"}],"replies":[{"embeddable":true,"href":"https:\/\/sites.ecclesia.pt\/cv\/wp-json\/wp\/v2\/comments?post=16691"}],"version-history":[{"count":0,"href":"https:\/\/sites.ecclesia.pt\/cv\/wp-json\/wp\/v2\/posts\/16691\/revisions"}],"wp:attachment":[{"href":"https:\/\/sites.ecclesia.pt\/cv\/wp-json\/wp\/v2\/media?parent=16691"}],"wp:term":[{"taxonomy":"category","embeddable":true,"href":"https:\/\/sites.ecclesia.pt\/cv\/wp-json\/wp\/v2\/categories?post=16691"},{"taxonomy":"post_tag","embeddable":true,"href":"https:\/\/sites.ecclesia.pt\/cv\/wp-json\/wp\/v2\/tags?post=16691"}],"curies":[{"name":"wp","href":"https:\/\/api.w.org\/{rel}","templated":true}]}}