{"id":16692,"date":"2006-04-03T14:44:00","date_gmt":"2006-04-03T14:44:00","guid":{"rendered":"http:\/\/localhost:81\/wp1\/?p=16692"},"modified":"2006-04-03T14:44:00","modified_gmt":"2006-04-03T14:44:00","slug":"para-que-o-mau-uso-da-liberdade-nao-desemboque-em-tantos-vazios","status":"publish","type":"post","link":"https:\/\/sites.ecclesia.pt\/cv\/para-que-o-mau-uso-da-liberdade-nao-desemboque-em-tantos-vazios\/","title":{"rendered":"Para que o mau uso da liberdade n\u00e3o desemboque em tantos vazios"},"content":{"rendered":"<p>Educa\u00e7\u00e3o sexual em debate <!--more--> Decorreu, no CUFC, no passado dia 16 de Fevereiro, em contexto de proximidade com o chamado \u201cdia dos namorados\u201d, um painel dedicado \u00e0 tem\u00e1tica: \u201cNamoro\u2026e sexualidade? Educa\u00e7\u00e3o Sexual?\u201d. Nesta iniciativa da \u00e1rea de forma\u00e7\u00e3o humana do CUFC, em inteira parceria com a ADAV Aveiro \u2013 Associa\u00e7\u00e3o de Defesa e Apoio \u00e0 Vida, foram intervenientes Dr. D\u00e1rio Tavares (professor, da ADAV Coimbra), Dr\u00aa Filomena Pereira (m\u00e9dica ginecologista e obstetra no Hospital Infante D. Pedro, da ADAV Aveiro), havendo oportunidade tamb\u00e9m para partilha de caminhos trilhados em termos de Juventude ADAV Coimbra.<\/p>\n<p>Das oportunas interven\u00e7\u00f5es e essenciais ideias, destaca-se a urg\u00eancia de ampliar o horizonte de uma \u201ccultura da vida\u201d, que tenha mais capacidade de resistir \u00e0 mentalidade permissiva, utilitarista, banalizante, hedonista, que j\u00e1 comanda tantas vidas. Este perigoso (ego\u00edsta) mau uso da liberdade desemboca depois em tantos vazios, vidas sem sentido, sem reconhecida dignidade, onde as refer\u00eancias ca\u00eddas por terra acabam por j\u00e1 n\u00e3o ter for\u00e7a capaz de defender a vida; veja-se a mentalidade abortiva, eutan\u00e1sia, etc.<\/p>\n<p>Nesta tarefa essencial de cultura da vida, a fam\u00edlia e a escola desempenham um papel insubstitu\u00edvel. Uma educa\u00e7\u00e3o integral, que contenha uma s\u00f3lida e consciente educa\u00e7\u00e3o para a sexualidade, apresenta-se como o caminho determinante para formar bem a consci\u00eancia para a dignidade do corpo e da vida humana.<\/p>\n<p>Deste painel de forma\u00e7\u00e3o, a par de outras iniciativas desenvolvidas enquanto preocupa\u00e7\u00e3o permanente de acolher e formar (em que da parte do CUFC se destaca tamb\u00e9m a desabitua\u00e7\u00e3o tab\u00e1gica \/ anti tabagismo, em parceria com os Servi\u00e7os de Ac\u00e7\u00e3o Social da Universidade de Aveiro, ou os Cursos de Primeiros Socorros), salienta-se o ponto de partida para a cria\u00e7\u00e3o de um grupo (Observat\u00f3rio Permanente) sobre estas quest\u00f5es entre a ADAV universit\u00e1ria e o CUFC forma\u00e7\u00e3o humana. A finalidade desse grupo de universit\u00e1rios ser\u00e1 (1) idealizar e criar espa\u00e7os de forma\u00e7\u00e3o e encontro sobre educa\u00e7\u00e3o para a sexualidade, (2) acolher e encaminhar situa\u00e7\u00f5es complexas onde est\u00e3o sensibilidades e vidas humanas em jogo.<\/p>\n<p>De destacar, tamb\u00e9m, que foi apresentada a exposi\u00e7\u00e3o nacional \u201cSinais de Vida\u201d, que decorre no CUFC e que poder\u00e1 ser visitada (todos os dias de semana, das 10h00h \u00e0s 19h00).<\/p>\n<p>Alexandre Cruz<\/p>\n","protected":false},"excerpt":{"rendered":"<p>Educa\u00e7\u00e3o sexual em debate<\/p>\n","protected":false},"author":1,"featured_media":0,"comment_status":"open","ping_status":"open","sticky":false,"template":"","format":"standard","meta":{"footnotes":""},"categories":[51],"tags":[],"class_list":["post-16692","post","type-post","status-publish","format-standard","hentry","category-jovens"],"_links":{"self":[{"href":"https:\/\/sites.ecclesia.pt\/cv\/wp-json\/wp\/v2\/posts\/16692","targetHints":{"allow":["GET"]}}],"collection":[{"href":"https:\/\/sites.ecclesia.pt\/cv\/wp-json\/wp\/v2\/posts"}],"about":[{"href":"https:\/\/sites.ecclesia.pt\/cv\/wp-json\/wp\/v2\/types\/post"}],"author":[{"embeddable":true,"href":"https:\/\/sites.ecclesia.pt\/cv\/wp-json\/wp\/v2\/users\/1"}],"replies":[{"embeddable":true,"href":"https:\/\/sites.ecclesia.pt\/cv\/wp-json\/wp\/v2\/comments?post=16692"}],"version-history":[{"count":0,"href":"https:\/\/sites.ecclesia.pt\/cv\/wp-json\/wp\/v2\/posts\/16692\/revisions"}],"wp:attachment":[{"href":"https:\/\/sites.ecclesia.pt\/cv\/wp-json\/wp\/v2\/media?parent=16692"}],"wp:term":[{"taxonomy":"category","embeddable":true,"href":"https:\/\/sites.ecclesia.pt\/cv\/wp-json\/wp\/v2\/categories?post=16692"},{"taxonomy":"post_tag","embeddable":true,"href":"https:\/\/sites.ecclesia.pt\/cv\/wp-json\/wp\/v2\/tags?post=16692"}],"curies":[{"name":"wp","href":"https:\/\/api.w.org\/{rel}","templated":true}]}}