{"id":16693,"date":"2006-04-03T14:44:00","date_gmt":"2006-04-03T14:44:00","guid":{"rendered":"http:\/\/localhost:81\/wp1\/?p=16693"},"modified":"2006-04-03T14:44:00","modified_gmt":"2006-04-03T14:44:00","slug":"exposicao-pro-vida","status":"publish","type":"post","link":"https:\/\/sites.ecclesia.pt\/cv\/exposicao-pro-vida\/","title":{"rendered":"Exposi\u00e7\u00e3o pr\u00f3-vida"},"content":{"rendered":"<p>Nos pr\u00f3ximos dias estar\u00e1 patente em Aveiro uma exposi\u00e7\u00e3o intitulada \u201cSinais de Vida\u201d, que poder\u00e1 ser visitada no CUFC, depois de ter passado pelos claustros do Semin\u00e1rio de Santa Joana Princesa (na foto). Esta exposi\u00e7\u00e3o pretende dar a conhecer o trabalho desenvolvido por nove associa\u00e7\u00f5es pr\u00f3-vida. <\/p>\n<p>Embora mostrando apenas uma parte do muito que tem sido feito pelas cerca de tr\u00eas dezenas de associa\u00e7\u00f5es criadas nos \u00faltimos anos, com a finalidade de promover a vida humana desde a sua concep\u00e7\u00e3o at\u00e9 \u00e0 morte natural, esta \u00e9 j\u00e1 uma grande prova do trabalho s\u00e9rio e do empenho com que estas institui\u00e7\u00f5es se t\u00eam dedicado \u00e0s quest\u00f5es da vida e em especial \u00e0 ajuda a mulheres gr\u00e1vidas.<\/p>\n<p>\u201cEstamos certos de que muito h\u00e1 ainda a fazer junto daqueles e daquelas que pedem a nossa ajuda\u201d, diz Cristina Ribau, da ADAV \u2013 Associa\u00e7\u00e3o de Defesa e Apoio \u00e0 Vi-da; \u201clogo, pretende-se tamb\u00e9m suscitar a colabora\u00e7\u00e3o de todos para que esta miss\u00e3o chegue mais longe\u201d. Esta exposi\u00e7\u00e3o que j\u00e1 esteve patente em diversos locais do nosso pa\u00eds, entre eles a Assembleia da Rep\u00fablica, pode ainda ser solicitada por par\u00f3quias ou outras institui\u00e7\u00f5es. Os pedidos podem ser dirigidos \u00e0 ADAV \u2013 Aveiro (Associa\u00e7\u00e3o de Defesa e Apoio \u00e0 Vida) atrav\u00e9s dos n\u00fameros: 967 595 215 ou 234 424 040.<\/p>\n","protected":false},"excerpt":{"rendered":"<p>Nos pr\u00f3ximos dias estar\u00e1 patente em Aveiro uma exposi\u00e7\u00e3o intitulada \u201cSinais de Vida\u201d, que poder\u00e1 ser visitada no CUFC, depois de ter passado pelos claustros do Semin\u00e1rio de Santa Joana Princesa (na foto). Esta exposi\u00e7\u00e3o pretende dar a conhecer o trabalho desenvolvido por nove associa\u00e7\u00f5es pr\u00f3-vida. Embora mostrando apenas uma parte do muito que tem [&hellip;]<\/p>\n","protected":false},"author":1,"featured_media":0,"comment_status":"open","ping_status":"open","sticky":false,"template":"","format":"standard","meta":{"footnotes":""},"categories":[51],"tags":[],"class_list":["post-16693","post","type-post","status-publish","format-standard","hentry","category-jovens"],"_links":{"self":[{"href":"https:\/\/sites.ecclesia.pt\/cv\/wp-json\/wp\/v2\/posts\/16693","targetHints":{"allow":["GET"]}}],"collection":[{"href":"https:\/\/sites.ecclesia.pt\/cv\/wp-json\/wp\/v2\/posts"}],"about":[{"href":"https:\/\/sites.ecclesia.pt\/cv\/wp-json\/wp\/v2\/types\/post"}],"author":[{"embeddable":true,"href":"https:\/\/sites.ecclesia.pt\/cv\/wp-json\/wp\/v2\/users\/1"}],"replies":[{"embeddable":true,"href":"https:\/\/sites.ecclesia.pt\/cv\/wp-json\/wp\/v2\/comments?post=16693"}],"version-history":[{"count":0,"href":"https:\/\/sites.ecclesia.pt\/cv\/wp-json\/wp\/v2\/posts\/16693\/revisions"}],"wp:attachment":[{"href":"https:\/\/sites.ecclesia.pt\/cv\/wp-json\/wp\/v2\/media?parent=16693"}],"wp:term":[{"taxonomy":"category","embeddable":true,"href":"https:\/\/sites.ecclesia.pt\/cv\/wp-json\/wp\/v2\/categories?post=16693"},{"taxonomy":"post_tag","embeddable":true,"href":"https:\/\/sites.ecclesia.pt\/cv\/wp-json\/wp\/v2\/tags?post=16693"}],"curies":[{"name":"wp","href":"https:\/\/api.w.org\/{rel}","templated":true}]}}