{"id":16694,"date":"2006-04-03T14:44:00","date_gmt":"2006-04-03T14:44:00","guid":{"rendered":"http:\/\/localhost:81\/wp1\/?p=16694"},"modified":"2006-04-03T14:44:00","modified_gmt":"2006-04-03T14:44:00","slug":"grupos-de-jovens-um-desafio-do-presente-que-constroi-o-futuro","status":"publish","type":"post","link":"https:\/\/sites.ecclesia.pt\/cv\/grupos-de-jovens-um-desafio-do-presente-que-constroi-o-futuro\/","title":{"rendered":"Grupos de Jovens, um desafio do presente que constr\u00f3i o futuro"},"content":{"rendered":"<p>Constituir um grupo de jovens \u00e9 f\u00e1cil. Dif\u00edcil \u00e9 mant\u00ea-lo vivo, activo e significativo para os jovens que nele participam e na comunidade em que se insere. Da\u00ed que o Secretariado da Pastoral Juvenil, depois de dois EFATHAS* sobre a eucaristia, promova mais dois sobre os grupos de jovens, realidade t\u00e3o cara a milhares de jovens crist\u00e3os.<\/p>\n<p>O primeiro desses encontros \u00e9 j\u00e1 no pr\u00f3ximo s\u00e1bado, dia 26 de Fevereiro, no Semin\u00e1rio de Aveiro. Exige inscri\u00e7\u00e3o pr\u00e9via, dura das 9h30 \u00e0s 16h e custa 2 euros. O formador \u00e9 o padre Adelino Guarda, formado em pastoral e professor de Teologia em Coimbra. Diz o SDPJ, a prop\u00f3sito desta actividade: \u201cQueremos fazer uma refelx\u00e3o s\u00e9ria sobre os desafios que o trabalho com grupos de jovens nos coloca, para podermos tra\u00e7ar caminhos novos de ac\u00e7\u00e3o e evangeliza\u00e7\u00e3o\u201d.<\/p>\n<p>* Ainda n\u00e3o sabes o que quer dizer EFATHA? A palavra hebraica quer dizer \u201cAbre-te\u201d, mas entre n\u00f3s significa \u201cEncontro de Forma\u00e7\u00e3o e Anima\u00e7\u00e3o Teol\u00f3gica e Humana\u201d. Bem, afinal, em hebraico e em portugu\u00eas, significa quase o mesmo.<\/p>\n","protected":false},"excerpt":{"rendered":"<p>Constituir um grupo de jovens \u00e9 f\u00e1cil. Dif\u00edcil \u00e9 mant\u00ea-lo vivo, activo e significativo para os jovens que nele participam e na comunidade em que se insere. Da\u00ed que o Secretariado da Pastoral Juvenil, depois de dois EFATHAS* sobre a eucaristia, promova mais dois sobre os grupos de jovens, realidade t\u00e3o cara a milhares de [&hellip;]<\/p>\n","protected":false},"author":1,"featured_media":0,"comment_status":"open","ping_status":"open","sticky":false,"template":"","format":"standard","meta":{"footnotes":""},"categories":[51],"tags":[],"class_list":["post-16694","post","type-post","status-publish","format-standard","hentry","category-jovens"],"_links":{"self":[{"href":"https:\/\/sites.ecclesia.pt\/cv\/wp-json\/wp\/v2\/posts\/16694","targetHints":{"allow":["GET"]}}],"collection":[{"href":"https:\/\/sites.ecclesia.pt\/cv\/wp-json\/wp\/v2\/posts"}],"about":[{"href":"https:\/\/sites.ecclesia.pt\/cv\/wp-json\/wp\/v2\/types\/post"}],"author":[{"embeddable":true,"href":"https:\/\/sites.ecclesia.pt\/cv\/wp-json\/wp\/v2\/users\/1"}],"replies":[{"embeddable":true,"href":"https:\/\/sites.ecclesia.pt\/cv\/wp-json\/wp\/v2\/comments?post=16694"}],"version-history":[{"count":0,"href":"https:\/\/sites.ecclesia.pt\/cv\/wp-json\/wp\/v2\/posts\/16694\/revisions"}],"wp:attachment":[{"href":"https:\/\/sites.ecclesia.pt\/cv\/wp-json\/wp\/v2\/media?parent=16694"}],"wp:term":[{"taxonomy":"category","embeddable":true,"href":"https:\/\/sites.ecclesia.pt\/cv\/wp-json\/wp\/v2\/categories?post=16694"},{"taxonomy":"post_tag","embeddable":true,"href":"https:\/\/sites.ecclesia.pt\/cv\/wp-json\/wp\/v2\/tags?post=16694"}],"curies":[{"name":"wp","href":"https:\/\/api.w.org\/{rel}","templated":true}]}}