{"id":16695,"date":"2006-04-03T14:44:00","date_gmt":"2006-04-03T14:44:00","guid":{"rendered":"http:\/\/localhost:81\/wp1\/?p=16695"},"modified":"2006-04-03T14:44:00","modified_gmt":"2006-04-03T14:44:00","slug":"a-etica-das-imagens","status":"publish","type":"post","link":"https:\/\/sites.ecclesia.pt\/cv\/a-etica-das-imagens\/","title":{"rendered":"A \u00e9tica das imagens"},"content":{"rendered":"<p>www.magnumphotos.com <!--more--> Ante a trag\u00e9dia, a arte p\u00e1ra. A tarefa do artista \u2013 escrevera Benjamin Britten \u2013 \u00e9 \u00abser \u00fatil\u2026\u00bb. \u00c9 preciso, tamb\u00e9m, dar testemunho, e essa \u00e9 a miss\u00e3o dos rep\u00f3rteres fotogr\u00e1ficos. Na noite de 10 de Setembro 2001, a sec\u00e7\u00e3o norte-americana da ag\u00eancia fotogr\u00e1fica Magnum realizou a sua reuni\u00e3o mensal em Nova Iorque. Na manh\u00e3 seguinte, alguns dos maiores fotojornalistas do mundo estavam a postos para registar o evento. A fotografia tem destas coincid\u00eancias: o sujeito certo no s\u00edtio certo.<\/p>\n<p>A Magnum Photos [www. magnumphotos.com] foi criada dois anos depois da Guerra Civil de Espanha, por quatro fotojornalistas, hoje largamente conhecidos, Robert Capa, Henri Cartier-Bresson, George Rodger e David \u2018Chim\u2019 Seymour. Os quatro tinham dado cor ao conflito e em comum, al\u00e9m da paix\u00e3o pela fotografia, tinham as marcas deixadas pela guerra. Em 1947, criam a Magnum Photos, com o prop\u00f3sito de reflectir a sua natureza independente, como pessoas, mas tamb\u00e9m como fot\u00f3grafos. Essa marca idiossincr\u00e1tica, a jun\u00e7\u00e3o das duas facetas, \u00e9 ainda uma das caracter\u00edsticas fundamentais da Magnum. <\/p>\n<p>O site apresenta a hist\u00f3ria da ag\u00eancia, mas tamb\u00e9m alguns dos trabalhos fotojornal\u00edsticos actualmente em curso. Aqui a fotografia \u00e9 tratada como uma obra de arte.<\/p>\n<p>Seja um colaborador deste espa\u00e7o semanal, envie as suas sugest\u00f5es para dixit@netvisao.pt<\/p>\n<p>nuno martins<\/p>\n","protected":false},"excerpt":{"rendered":"<p>www.magnumphotos.com<\/p>\n","protected":false},"author":1,"featured_media":0,"comment_status":"open","ping_status":"open","sticky":false,"template":"","format":"standard","meta":{"footnotes":""},"categories":[66],"tags":[],"class_list":["post-16695","post","type-post","status-publish","format-standard","hentry","category-cultura"],"_links":{"self":[{"href":"https:\/\/sites.ecclesia.pt\/cv\/wp-json\/wp\/v2\/posts\/16695","targetHints":{"allow":["GET"]}}],"collection":[{"href":"https:\/\/sites.ecclesia.pt\/cv\/wp-json\/wp\/v2\/posts"}],"about":[{"href":"https:\/\/sites.ecclesia.pt\/cv\/wp-json\/wp\/v2\/types\/post"}],"author":[{"embeddable":true,"href":"https:\/\/sites.ecclesia.pt\/cv\/wp-json\/wp\/v2\/users\/1"}],"replies":[{"embeddable":true,"href":"https:\/\/sites.ecclesia.pt\/cv\/wp-json\/wp\/v2\/comments?post=16695"}],"version-history":[{"count":0,"href":"https:\/\/sites.ecclesia.pt\/cv\/wp-json\/wp\/v2\/posts\/16695\/revisions"}],"wp:attachment":[{"href":"https:\/\/sites.ecclesia.pt\/cv\/wp-json\/wp\/v2\/media?parent=16695"}],"wp:term":[{"taxonomy":"category","embeddable":true,"href":"https:\/\/sites.ecclesia.pt\/cv\/wp-json\/wp\/v2\/categories?post=16695"},{"taxonomy":"post_tag","embeddable":true,"href":"https:\/\/sites.ecclesia.pt\/cv\/wp-json\/wp\/v2\/tags?post=16695"}],"curies":[{"name":"wp","href":"https:\/\/api.w.org\/{rel}","templated":true}]}}