{"id":16696,"date":"2006-04-03T14:44:00","date_gmt":"2006-04-03T14:44:00","guid":{"rendered":"http:\/\/localhost:81\/wp1\/?p=16696"},"modified":"2006-04-03T14:44:00","modified_gmt":"2006-04-03T14:44:00","slug":"esquerdinos-ou-canhotos","status":"publish","type":"post","link":"https:\/\/sites.ecclesia.pt\/cv\/esquerdinos-ou-canhotos\/","title":{"rendered":"Esquerdinos ou canhotos?"},"content":{"rendered":"<p>Ponta de Lan\u00e7a <!--more--> Alguns autores defendem que os esquerdinos, porque neles a predomin\u00e2ncia de hemisf\u00e9rios cerebrais \u00e9 inversa aos dextros, possuem a priori caracter\u00edsticas de personalidade pr\u00f3prias, em rela\u00e7\u00e3o aos dextros. \u00c9 normal aparecerem estudos, sobretudo pelos psic\u00f3logos da escrita, para tentar explicar as diferen\u00e7as, inclusive de personalidade. Por raz\u00f5es fisiol\u00f3gicas, por exemplo, certo tipo de formas caligr\u00e1ficas ocidentais s\u00e3o, em geral, mais escolhidas por esquerdinos e o simples facto de conhecermos esta tend\u00eancia permite-nos retirar o valor \u00e0 escolha dessas formas na sua escrita. Veja-se o gesto de abdu\u00e7\u00e3o, executado pelo dextro ao seguir uma linha da esquerda para a direita, faz com que, no final das linhas, o sujeito que escreve tenha de produzir um determinado esfor\u00e7o para manter a horizontalidade e n\u00e3o \u201cfugir\u201d para baixo. Da\u00ed que se pedirmos a uma crian\u00e7a dextra de seis anos para escrever um pequeno texto numa folha sem linhas, estas linhas ter\u00e3o tend\u00eancia a cair junto \u00e0 margem direita. Ora, no esquerdino pode suceder precisamente o contr\u00e1rio, uma vez que o gesto que progride na folha vem de fora para dentro, significando, pois, que o esquerdino ter\u00e1 de fazer um certo esfor\u00e7o para que a linha n\u00e3o \u201cfuja\u201d para cima, \u00e0 medida que se aproxima da margem direita da folha. <\/p>\n<p>Um esquerdino precisa de fazer mais esfor\u00e7o para evitar que a linha suba e para progredir at\u00e9 ao fim da folha (j\u00e1 que cada vez o gesto se afasta mais do campo de ac\u00e7\u00e3o do bra\u00e7o esquerdo). Um dextro precisa de fazer mais esfor\u00e7o para evitar que a linha des\u00e7a e para n\u00e3o ultrapassar a margem direita (j\u00e1 que cada vez o gesto entra mais no campo de ac\u00e7\u00e3o do bra\u00e7o direito).<\/p>\n<p>Interessante, n\u00e3o \u00e9?<\/p>\n<p>No desporto como na vida, e de maneira particular no futebol, todos nos apercebemos rapidamente da genialidade e\/ou a vulgaridade de alguns esquerdinos: Chalana, Futre, Rui Jorge, Ricardo Gomes, Nuno Valente, Areias, Tininho, Fyssas, Pa\u00edto, Hugo Viana, Branco, Roberto Carlos, Raul, Dos Santos, Rog\u00e9rio Matias, Silvino, Sim\u00f5es, Bruno Basto, Vieri, Maldini, Kenedy, Isa\u00edas, Drulovic, Zahovic, Pedro Henriques, Cristiano, Ros\u00e1rio, Clayton, Roger, Everson,\u2026Jos\u00e9 S\u00f3crates!<\/p>\n<p>E com Portugal a \u201cjogar\u201d pela esquerda, todos desejamos uma equipa de g\u00e9nios\u2026esquerdinos!<\/p>\n<p>Desportivamente\u2026 pelo desporto!<\/p>\n","protected":false},"excerpt":{"rendered":"<p>Ponta de Lan\u00e7a<\/p>\n","protected":false},"author":1,"featured_media":0,"comment_status":"open","ping_status":"open","sticky":false,"template":"","format":"standard","meta":{"footnotes":""},"categories":[46],"tags":[],"class_list":["post-16696","post","type-post","status-publish","format-standard","hentry","category-desporto"],"_links":{"self":[{"href":"https:\/\/sites.ecclesia.pt\/cv\/wp-json\/wp\/v2\/posts\/16696","targetHints":{"allow":["GET"]}}],"collection":[{"href":"https:\/\/sites.ecclesia.pt\/cv\/wp-json\/wp\/v2\/posts"}],"about":[{"href":"https:\/\/sites.ecclesia.pt\/cv\/wp-json\/wp\/v2\/types\/post"}],"author":[{"embeddable":true,"href":"https:\/\/sites.ecclesia.pt\/cv\/wp-json\/wp\/v2\/users\/1"}],"replies":[{"embeddable":true,"href":"https:\/\/sites.ecclesia.pt\/cv\/wp-json\/wp\/v2\/comments?post=16696"}],"version-history":[{"count":0,"href":"https:\/\/sites.ecclesia.pt\/cv\/wp-json\/wp\/v2\/posts\/16696\/revisions"}],"wp:attachment":[{"href":"https:\/\/sites.ecclesia.pt\/cv\/wp-json\/wp\/v2\/media?parent=16696"}],"wp:term":[{"taxonomy":"category","embeddable":true,"href":"https:\/\/sites.ecclesia.pt\/cv\/wp-json\/wp\/v2\/categories?post=16696"},{"taxonomy":"post_tag","embeddable":true,"href":"https:\/\/sites.ecclesia.pt\/cv\/wp-json\/wp\/v2\/tags?post=16696"}],"curies":[{"name":"wp","href":"https:\/\/api.w.org\/{rel}","templated":true}]}}