{"id":16700,"date":"2006-04-03T14:44:00","date_gmt":"2006-04-03T14:44:00","guid":{"rendered":"http:\/\/localhost:81\/wp1\/?p=16700"},"modified":"2006-04-03T14:44:00","modified_gmt":"2006-04-03T14:44:00","slug":"frases-da-semana-155","status":"publish","type":"post","link":"https:\/\/sites.ecclesia.pt\/cv\/frases-da-semana-155\/","title":{"rendered":"Frases da semana"},"content":{"rendered":"<p>A campanha eleitoral n\u00e3o serviu a economia portuguesa. Ouvimos uma s\u00e9rie de discursos fantasiosos que n\u00e3o passam de auto-enganos de curta dura\u00e7\u00e3o.<\/p>\n<p>Ern\u00e2ni Lopes<\/p>\n<p>Expresso, 19-02-05<\/p>\n<p>As propostas que foram apresentadas pecam por falta de ambi\u00e7\u00e3o quanto aos objectivos, mas tamb\u00e9m por falta de clareza acerca das dificuldades que nos esperam. Tais cautelas ter\u00e3o o seu lado positivo \u2013 porqu\u00ea prometer quando n\u00e3o se sabe se se pode cumprir? \u2013, mas essa fuga \u00e0s responsabilidades n\u00e3o deixa de ser desmobilizadora.<\/p>\n<p>Jo\u00e3o Morgado Fernandes<\/p>\n<p>Di\u00e1rio de Not\u00edcias, 20-02-05<\/p>\n<p>\u201cFazer um pa\u00eds novo\u201d (&#8230;) est\u00e1, sobretudo, nas m\u00e3os dos portugueses. Tal est\u00e1 n\u00e3o apenas em deixarmos de nos interrogar so-bre o que o Governo pode fazer por n\u00f3s, porventura n\u00e3o ainda em perguntarmo-nos sobre o que podemos fazer pelo pa\u00eds, mas t\u00e3o somente em tomarmos em n\u00e3o o que pode estar nas nossas m\u00e3os.<\/p>\n<p>Jos\u00e9 Manuel Fernandes<\/p>\n<p>P\u00fablico, 20-02-05<\/p>\n<p>A experi\u00eancia mostra que os governos que se dedicam ao compromisso para se manterem no poder n\u00e3o s\u00e3o capazes de resolver os problemas s\u00e9rios. E Portugal tem muitos problemas s\u00e9rios.<\/p>\n<p>El Pa\u00eds<\/p>\n<p>Julgo n\u00e3o ter sido por acaso que se come\u00e7a a falar na necessidade de os partidos adoptarem uma esp\u00e9cie de bicefalia, com um chefe com jeito para vender ilus\u00f5es nestas alturas e outro que saiba falar verdade e tenha ideias sobre o que decidir, uma vez conquistado o poder. Sou c\u00e9ptico quanto a essa hip\u00f3tese.<\/p>\n<p>Diogo Pires Aur\u00e9lio<\/p>\n<p>Di\u00e1rio de Not\u00edcias, 20-02-05<\/p>\n<p>Creio at\u00e9 que a religiosidade p\u00f3s-moderna \u2013 habituada a seleccionar os seus ingredientes de forma bastante livre \u2013 estar\u00e1 mais \u00e0-vontade em F\u00e1tima do que uma religi\u00e3o habitada pelas duras exig\u00eancias da raz\u00e3o. Cada peregrino constr\u00f3i, dentro de si, o santu\u00e1rio das apari\u00e7\u00f5es que precisa.<\/p>\n<p>Bento Domingues<\/p>\n<p>P\u00fablico, 20-02-05<\/p>\n<p>Conhe\u00e7o cat\u00f3licos fervorosos que s\u00e3o al\u00e9rgicos a algumas formas religiosas de F\u00e1tima e j\u00e1 contactei com pessoas muito devotas de F\u00e1tima \u2013 algumas nem foram baptizadas \u2013 que s\u00e3o al\u00e9rgicas a v\u00e1rias express\u00f5es de Igreja cat\u00f3lica.<\/p>\n<p>Idem<\/p>\n<p>N\u00e3o foi a Igreja que imp\u00f4s o funeral da irm\u00e3 L\u00facia \u00e0s televis\u00f5es. Foram estas, o Governo e os partidos da direita que o impuseram ao pa\u00eds de forma saturante.<\/p>\n<p>Idem<\/p>\n","protected":false},"excerpt":{"rendered":"<p>A campanha eleitoral n\u00e3o serviu a economia portuguesa. Ouvimos uma s\u00e9rie de discursos fantasiosos que n\u00e3o passam de auto-enganos de curta dura\u00e7\u00e3o. Ern\u00e2ni Lopes Expresso, 19-02-05 As propostas que foram apresentadas pecam por falta de ambi\u00e7\u00e3o quanto aos objectivos, mas tamb\u00e9m por falta de clareza acerca das dificuldades que nos esperam. Tais cautelas ter\u00e3o o [&hellip;]<\/p>\n","protected":false},"author":1,"featured_media":0,"comment_status":"open","ping_status":"open","sticky":false,"template":"","format":"standard","meta":{"footnotes":""},"categories":[62],"tags":[],"class_list":["post-16700","post","type-post","status-publish","format-standard","hentry","category-opiniao"],"_links":{"self":[{"href":"https:\/\/sites.ecclesia.pt\/cv\/wp-json\/wp\/v2\/posts\/16700","targetHints":{"allow":["GET"]}}],"collection":[{"href":"https:\/\/sites.ecclesia.pt\/cv\/wp-json\/wp\/v2\/posts"}],"about":[{"href":"https:\/\/sites.ecclesia.pt\/cv\/wp-json\/wp\/v2\/types\/post"}],"author":[{"embeddable":true,"href":"https:\/\/sites.ecclesia.pt\/cv\/wp-json\/wp\/v2\/users\/1"}],"replies":[{"embeddable":true,"href":"https:\/\/sites.ecclesia.pt\/cv\/wp-json\/wp\/v2\/comments?post=16700"}],"version-history":[{"count":0,"href":"https:\/\/sites.ecclesia.pt\/cv\/wp-json\/wp\/v2\/posts\/16700\/revisions"}],"wp:attachment":[{"href":"https:\/\/sites.ecclesia.pt\/cv\/wp-json\/wp\/v2\/media?parent=16700"}],"wp:term":[{"taxonomy":"category","embeddable":true,"href":"https:\/\/sites.ecclesia.pt\/cv\/wp-json\/wp\/v2\/categories?post=16700"},{"taxonomy":"post_tag","embeddable":true,"href":"https:\/\/sites.ecclesia.pt\/cv\/wp-json\/wp\/v2\/tags?post=16700"}],"curies":[{"name":"wp","href":"https:\/\/api.w.org\/{rel}","templated":true}]}}