{"id":16703,"date":"2006-04-03T14:44:00","date_gmt":"2006-04-03T14:44:00","guid":{"rendered":"http:\/\/localhost:81\/wp1\/?p=16703"},"modified":"2006-04-03T14:44:00","modified_gmt":"2006-04-03T14:44:00","slug":"dez-preceitos-da-serenidade","status":"publish","type":"post","link":"https:\/\/sites.ecclesia.pt\/cv\/dez-preceitos-da-serenidade\/","title":{"rendered":"Dez preceitos da serenidade"},"content":{"rendered":"<p>S\u00f3 por hoje&#8230; <\/p>\n<p>Viverei exclusivamente este meu dia, sem querer resolver os problemas da minha vida, todos de uma vez. <\/p>\n<p>S\u00f3 por hoje&#8230; <\/p>\n<p>Terei o m\u00e1ximo cuidado com o meu modo de tratar os outros: Delicado nas minhas maneiras. N\u00e3o vou criticar ningu\u00e9m. N\u00e3o pretenderei melhorar ou disciplinar ningu\u00e9m, sen\u00e3o a mim mesmo.<\/p>\n<p>S\u00f3 por hoje&#8230; <\/p>\n<p>Sentir-me-ei feliz com a certeza de ter sido criado para ser feliz, n\u00e3o s\u00f3 na vida eterna, mas tamb\u00e9m neste mundo.<\/p>\n<p>S\u00f3 por hoje&#8230; <\/p>\n<p>Adaptar-me-ei \u00e0s circunst\u00e2ncias, sem pretender que as circunst\u00e2ncias se adaptem todas aos meus desejos.<\/p>\n<p>S\u00f3 por hoje&#8230; <\/p>\n<p>Dedicarei dez minutos do meu tempo a uma boa leitura, lembrando-me de que assim como \u00e9 preciso comer para sustentar o meu corpo, assim tamb\u00e9m a leitura \u00e9 necess\u00e1ria para alimentar a vida da minha alma.<\/p>\n<p>S\u00f3 por hoje&#8230; <\/p>\n<p>Praticarei uma boa ac\u00e7\u00e3o sem cont\u00e1-la a ningu\u00e9m.<\/p>\n<p>S\u00f3 por hoje&#8230; <\/p>\n<p>Farei uma coisa de que n\u00e3o gosto e, se for ofendido nos meus sentimentos, procurarei que ningu\u00e9m o saiba.<\/p>\n<p>S\u00f3 por hoje&#8230;<\/p>\n<p>Farei um programa bem com-pleto do meu dia. Talvez n\u00e3o o exe-cute perfeitamente, mas, em todo caso, vou faz\u00ea-lo. Evitarei bem duas calamidades: a pressa e a indecis\u00e3o.<\/p>\n<p>S\u00f3 por hoje&#8230; <\/p>\n<p>Ficarei bem firme na f\u00e9 de que a Divina Provid\u00eancia se ocupa de mim, mesmo se existisse somente eu no mundo e ainda que as circunst\u00e2ncias manifestem o contr\u00e1rio.<\/p>\n<p>S\u00f3 por hoje&#8230;<\/p>\n<p>N\u00e3o terei medo de nada em particular. N\u00e3o terei medo de desfrutar do que \u00e9 belo. N\u00e3o terei medo de crer na bondade.<\/p>\n<p>Papa Jo\u00e3o XXIII<\/p>\n","protected":false},"excerpt":{"rendered":"<p>S\u00f3 por hoje&#8230; Viverei exclusivamente este meu dia, sem querer resolver os problemas da minha vida, todos de uma vez. S\u00f3 por hoje&#8230; Terei o m\u00e1ximo cuidado com o meu modo de tratar os outros: Delicado nas minhas maneiras. N\u00e3o vou criticar ningu\u00e9m. N\u00e3o pretenderei melhorar ou disciplinar ningu\u00e9m, sen\u00e3o a mim mesmo. S\u00f3 por [&hellip;]<\/p>\n","protected":false},"author":1,"featured_media":0,"comment_status":"open","ping_status":"open","sticky":false,"template":"","format":"standard","meta":{"footnotes":""},"categories":[62],"tags":[],"class_list":["post-16703","post","type-post","status-publish","format-standard","hentry","category-opiniao"],"_links":{"self":[{"href":"https:\/\/sites.ecclesia.pt\/cv\/wp-json\/wp\/v2\/posts\/16703","targetHints":{"allow":["GET"]}}],"collection":[{"href":"https:\/\/sites.ecclesia.pt\/cv\/wp-json\/wp\/v2\/posts"}],"about":[{"href":"https:\/\/sites.ecclesia.pt\/cv\/wp-json\/wp\/v2\/types\/post"}],"author":[{"embeddable":true,"href":"https:\/\/sites.ecclesia.pt\/cv\/wp-json\/wp\/v2\/users\/1"}],"replies":[{"embeddable":true,"href":"https:\/\/sites.ecclesia.pt\/cv\/wp-json\/wp\/v2\/comments?post=16703"}],"version-history":[{"count":0,"href":"https:\/\/sites.ecclesia.pt\/cv\/wp-json\/wp\/v2\/posts\/16703\/revisions"}],"wp:attachment":[{"href":"https:\/\/sites.ecclesia.pt\/cv\/wp-json\/wp\/v2\/media?parent=16703"}],"wp:term":[{"taxonomy":"category","embeddable":true,"href":"https:\/\/sites.ecclesia.pt\/cv\/wp-json\/wp\/v2\/categories?post=16703"},{"taxonomy":"post_tag","embeddable":true,"href":"https:\/\/sites.ecclesia.pt\/cv\/wp-json\/wp\/v2\/tags?post=16703"}],"curies":[{"name":"wp","href":"https:\/\/api.w.org\/{rel}","templated":true}]}}