{"id":16704,"date":"2006-04-03T14:44:00","date_gmt":"2006-04-03T14:44:00","guid":{"rendered":"http:\/\/localhost:81\/wp1\/?p=16704"},"modified":"2006-04-03T14:44:00","modified_gmt":"2006-04-03T14:44:00","slug":"saciados-ou-indiferentes","status":"publish","type":"post","link":"https:\/\/sites.ecclesia.pt\/cv\/saciados-ou-indiferentes\/","title":{"rendered":"Saciados ou indiferentes"},"content":{"rendered":"<p>1 &#8211; A experi\u00eancia pr\u00f3pria e o contacto com realidades mais amplas levou-me, nestes dias, \u00e0 constata\u00e7\u00e3o de que, muitas iniciativas de valor, organizadas por esse Portugal fora, no \u00e2mbito da reflex\u00e3o dos valores crist\u00e3os, no campo da forma\u00e7\u00e3o crist\u00e3, isto \u00e9, da capacita\u00e7\u00e3o para estar presente no Mundo com raz\u00f5es da f\u00e9 e com motiva\u00e7\u00f5es para agir, t\u00eam sido escassamente aproveitadas.<\/p>\n<p>2 &#8211; Constatar n\u00e3o \u00e9 fazer ju\u00edzos de valor. Mas eles decorrem naturalmente da observa\u00e7\u00e3o. Sabendo, como sabemos, que as muta\u00e7\u00f5es culturais hoje s\u00e3o veloc\u00edssimas, que as \u201cmet\u00e1stases\u201d das problem\u00e1ticas se desdobram em ritmos fren\u00e9ticos, os crist\u00e3os est\u00e3o t\u00e3o fortemente empenhados na reflex\u00e3o n\u00e3o institucional que dispensem as oportunidades que lhes s\u00e3o concedidas? Isto \u00e9: t\u00eam alimento &#8211; de leitura, de c\u00edrculos habituais de encontro, porventura de consulta via Internet\u2026 &#8211; que os saciem e os tenham perfeitamente aptos para serem o fermento, o sal, a luz, que a sua gra\u00e7a baptismal reclama que sejam?<\/p>\n<p>3 &#8211; As atitudes de omiss\u00e3o continuam. As escolhas denunciam, \u00e0s vezes escandalosamente, incongru\u00eancias com os valores evang\u00e9licos feitos crit\u00e9rio de vida, assumidos como princ\u00edpios morais do agir. N\u00e3o parece, por isso, que o alimento seja nem suficiente, nem adequado. Tamb\u00e9m com os venenos podemos ter a sensa\u00e7\u00e3o de saciados!<\/p>\n<p>4 &#8211; Sabemos que a Igreja n\u00e3o \u00e9 o Reino de Deus. Mas ela \u00e9 sacramento desse Reino, a face vis\u00edvel dos valores a semear no meio da Humanidade, que n\u00f3s tamb\u00e9m somos. Longe de pretens\u00f5es de restauracionismos institucionais, n\u00e3o podemos &#8211; isso de modo algum! &#8211; deixar degradar a qualidade do fermento. Ser resto fiel do Povo no seio da comunidade humana reclama uma cada vez mais intensa vida no mundo sem ser do mundo. A coragem de ser diferente &#8211; o testemunho que as culturas esperam &#8211; implica firmeza e humildade: para saber sempre qual o contributo de esperan\u00e7a que podemos dar; para estar sempre dispon\u00edvel a dar esse contributo, sem pretender impor-se ou esperar dividendos. E isto reclama uma renova\u00e7\u00e3o e inova\u00e7\u00e3o constantes: do nosso ser, do nosso pensar; da nossa capacidade e iniciativa pastoral.<\/p>\n<p>5 &#8211; Nem saciados, nem indiferentes! A Quaresma reclama uma convers\u00e3o: avaliar os caminhos andados, mas para olhar o futuro! Sentir as exig\u00eancias, novas a cada momento, e voltar-se para o inesgot\u00e1vel testemunho escandaloso da Cruz, fonte onde se bebe a sede sempre insaciada de dedica\u00e7\u00e3o, de entrega acrescida, que se n\u00e3o compraz com saciedade nem indiferen\u00e7a!<\/p>\n","protected":false},"excerpt":{"rendered":"<p>1 &#8211; A experi\u00eancia pr\u00f3pria e o contacto com realidades mais amplas levou-me, nestes dias, \u00e0 constata\u00e7\u00e3o de que, muitas iniciativas de valor, organizadas por esse Portugal fora, no \u00e2mbito da reflex\u00e3o dos valores crist\u00e3os, no campo da forma\u00e7\u00e3o crist\u00e3, isto \u00e9, da capacita\u00e7\u00e3o para estar presente no Mundo com raz\u00f5es da f\u00e9 e com [&hellip;]<\/p>\n","protected":false},"author":1,"featured_media":0,"comment_status":"open","ping_status":"open","sticky":false,"template":"","format":"standard","meta":{"footnotes":""},"categories":[47],"tags":[],"class_list":["post-16704","post","type-post","status-publish","format-standard","hentry","category-editorial"],"_links":{"self":[{"href":"https:\/\/sites.ecclesia.pt\/cv\/wp-json\/wp\/v2\/posts\/16704","targetHints":{"allow":["GET"]}}],"collection":[{"href":"https:\/\/sites.ecclesia.pt\/cv\/wp-json\/wp\/v2\/posts"}],"about":[{"href":"https:\/\/sites.ecclesia.pt\/cv\/wp-json\/wp\/v2\/types\/post"}],"author":[{"embeddable":true,"href":"https:\/\/sites.ecclesia.pt\/cv\/wp-json\/wp\/v2\/users\/1"}],"replies":[{"embeddable":true,"href":"https:\/\/sites.ecclesia.pt\/cv\/wp-json\/wp\/v2\/comments?post=16704"}],"version-history":[{"count":0,"href":"https:\/\/sites.ecclesia.pt\/cv\/wp-json\/wp\/v2\/posts\/16704\/revisions"}],"wp:attachment":[{"href":"https:\/\/sites.ecclesia.pt\/cv\/wp-json\/wp\/v2\/media?parent=16704"}],"wp:term":[{"taxonomy":"category","embeddable":true,"href":"https:\/\/sites.ecclesia.pt\/cv\/wp-json\/wp\/v2\/categories?post=16704"},{"taxonomy":"post_tag","embeddable":true,"href":"https:\/\/sites.ecclesia.pt\/cv\/wp-json\/wp\/v2\/tags?post=16704"}],"curies":[{"name":"wp","href":"https:\/\/api.w.org\/{rel}","templated":true}]}}